{"id":2000,"date":"2022-09-07T10:09:08","date_gmt":"2022-09-07T10:09:08","guid":{"rendered":"https:\/\/www.clinicadentalnm.com\/?p=2000"},"modified":"2024-11-06T12:18:06","modified_gmt":"2024-11-06T12:18:06","slug":"cas-7-cas-de-fluorosi-tractat-amb-carilles-fedelpatiques","status":"publish","type":"post","link":"https:\/\/www.clinicadentalnm.com\/ca\/cas-7-cas-de-fluorosi-tractat-amb-carilles-fedelpatiques\/","title":{"rendered":"Cas 7 \u2013 Cas de fluorosi tractat amb carilles feldesp\u00e0tiques"},"content":{"rendered":"\t\t<div data-elementor-type=\"wp-post\" data-elementor-id=\"2000\" class=\"elementor elementor-2000\" data-elementor-post-type=\"post\">\n\t\t\t\t\t\t<section class=\"elementor-section elementor-top-section elementor-element elementor-element-257dfa93 elementor-section-boxed elementor-section-height-default elementor-section-height-default\" data-id=\"257dfa93\" data-element_type=\"section\" data-e-type=\"section\">\n\t\t\t\t\t\t<div class=\"elementor-container elementor-column-gap-default\">\n\t\t\t\t\t<div class=\"elementor-column elementor-col-100 elementor-top-column elementor-element elementor-element-2b003775\" data-id=\"2b003775\" data-element_type=\"column\" data-e-type=\"column\">\n\t\t\t<div class=\"elementor-widget-wrap elementor-element-populated\">\n\t\t\t\t\t\t<div class=\"elementor-element elementor-element-1c9c9b4f elementor-widget elementor-widget-text-editor\" data-id=\"1c9c9b4f\" data-element_type=\"widget\" data-e-type=\"widget\" data-widget_type=\"text-editor.default\">\n\t\t\t\t<div class=\"elementor-widget-container\">\n\t\t\t\t\t\t\t\t\t\n<p>El pacient acut a la consulta per sol\u00b7licitar-nos una millora est\u00e8tica, ja que se sent acomplexat amb el seu somriure i nota que li est\u00e0 afectant la seva autoestima i, en conseq\u00fc\u00e8ncia, la forma de relacionar-se amb el seu entorn. El pacient presenta fluorosi en un grau avan\u00e7at d&#8217;ullal a ullal superior i inferior.<\/p>\n\n\n\n<p>La fluorosi consisteix en un defecte en la formaci\u00f3 d&#8217;esmalt que es manifesta en forma de taques degut a l\u00b4exposici\u00f3 prolongada de fl\u00faor durant l\u2019etapa de desenvolupament de les dents definitives.&nbsp;<\/p>\n\n\n\n<p>Despr\u00e9s d&#8217;avaluar les necessitats del pacient i establir el diagn\u00f2stic, decidim tractar el cas amb un blanquejament previ i col\u00b7locaci\u00f3 de carilles feldesp\u00e0tiques de #13 a #23 per tal de recubrir el defecte i millorar la forma i el color del seu somriure.<\/p>\n\t\t\t\t\t\t\t\t<\/div>\n\t\t\t\t<\/div>\n\t\t\t\t\t<\/div>\n\t\t<\/div>\n\t\t\t\t\t<\/div>\n\t\t<\/section>\n\t\t\t\t<\/div>\n\t\t","protected":false},"excerpt":{"rendered":"<p>El pacient acut a la consulta per sol\u00b7licitar-nos una millora est\u00e8tica, ja que se sent acomplexat amb el seu somriure i nota que li est\u00e0 afectant la seva autoestima i, en conseq\u00fc\u00e8ncia, la forma de relacionar-se amb el seu entorn. El pacient presenta fluorosi en un grau avan\u00e7at d&#8217;ullal a ullal superior i inferior. La [&hellip;]<\/p>\n","protected":false},"author":1,"featured_media":3016,"comment_status":"open","ping_status":"open","sticky":false,"template":"","format":"standard","meta":{"_acf_changed":false,"footnotes":""},"categories":[23,22],"tags":[],"class_list":["post-2000","post","type-post","status-publish","format-standard","has-post-thumbnail","hentry","category-carilles","category-cas"],"acf":[],"yoast_head":"<!-- This site is optimized with the Yoast SEO plugin v28.3 - https:\/\/yoast.com\/product\/yoast-seo-wordpress\/ -->\n<title>Cas 7 \u2013 Cas de fluorosi tractat amb carilles feldesp\u00e0tiques - Cl\u00ednica Dental NM<\/title>\n<meta name=\"description\" content=\"Millora de fluorosi amb carilles feldesp\u00e0tiques \u2705Descobreix el resultat del tractament per a la fluorosi\" \/>\n<meta name=\"robots\" content=\"index, follow, max-snippet:-1, max-image-preview:large, max-video-preview:-1\" \/>\n<link rel=\"canonical\" href=\"https:\/\/www.clinicadentalnm.com\/ca\/cas-7-cas-de-fluorosi-tractat-amb-carilles-fedelpatiques\/\" \/>\n<meta property=\"og:locale\" content=\"ca_ES\" \/>\n<meta property=\"og:type\" content=\"article\" \/>\n<meta property=\"og:title\" content=\"Cas 7 \u2013 Cas de fluorosi tractat amb carilles feldesp\u00e0tiques - Cl\u00ednica Dental NM\" \/>\n<meta property=\"og:description\" content=\"Millora de fluorosi amb carilles feldesp\u00e0tiques \u2705Descobreix el resultat del tractament per a la fluorosi\" \/>\n<meta property=\"og:url\" content=\"https:\/\/www.clinicadentalnm.com\/ca\/cas-7-cas-de-fluorosi-tractat-amb-carilles-fedelpatiques\/\" \/>\n<meta property=\"og:site_name\" content=\"Cl\u00ednica Dental NM\" \/>\n<meta property=\"article:published_time\" content=\"2022-09-07T10:09:08+00:00\" \/>\n<meta property=\"article:modified_time\" content=\"2024-11-06T12:18:06+00:00\" \/>\n<meta property=\"og:image\" content=\"https:\/\/www.clinicadentalnm.com\/wp-content\/uploads\/2022\/09\/IMG_20220202_121257-scaled.jpg\" \/>\n\t<meta property=\"og:image:width\" content=\"1920\" \/>\n\t<meta property=\"og:image:height\" content=\"1338\" \/>\n\t<meta property=\"og:image:type\" content=\"image\/jpeg\" \/>\n<meta name=\"author\" content=\"plantillamaster\" \/>\n<meta name=\"twitter:card\" content=\"summary_large_image\" \/>\n<meta name=\"twitter:label1\" content=\"Escrit per\" \/>\n\t<meta name=\"twitter:data1\" content=\"plantillamaster\" \/>\n\t<meta name=\"twitter:label2\" content=\"Temps estimat de lectura\" \/>\n\t<meta name=\"twitter:data2\" content=\"1 minut\" \/>\n<script type=\"application\/ld+json\" class=\"yoast-schema-graph\">{\"@context\":\"https:\\\/\\\/schema.org\",\"@graph\":[{\"@type\":\"Article\",\"@id\":\"https:\\\/\\\/www.clinicadentalnm.com\\\/ca\\\/cas-7-cas-de-fluorosi-tractat-amb-carilles-fedelpatiques\\\/#article\",\"isPartOf\":{\"@id\":\"https:\\\/\\\/www.clinicadentalnm.com\\\/ca\\\/cas-7-cas-de-fluorosi-tractat-amb-carilles-fedelpatiques\\\/\"},\"author\":{\"name\":\"plantillamaster\",\"@id\":\"https:\\\/\\\/www.clinicadentalnm.com\\\/ca\\\/#\\\/schema\\\/person\\\/b2c07ce9385cd2f98020f07b1c6fea0f\"},\"headline\":\"Cas 7 \u2013 Cas de fluorosi tractat amb carilles feldesp\u00e0tiques\",\"datePublished\":\"2022-09-07T10:09:08+00:00\",\"dateModified\":\"2024-11-06T12:18:06+00:00\",\"mainEntityOfPage\":{\"@id\":\"https:\\\/\\\/www.clinicadentalnm.com\\\/ca\\\/cas-7-cas-de-fluorosi-tractat-amb-carilles-fedelpatiques\\\/\"},\"wordCount\":150,\"commentCount\":0,\"image\":{\"@id\":\"https:\\\/\\\/www.clinicadentalnm.com\\\/ca\\\/cas-7-cas-de-fluorosi-tractat-amb-carilles-fedelpatiques\\\/#primaryimage\"},\"thumbnailUrl\":\"https:\\\/\\\/www.clinicadentalnm.com\\\/wp-content\\\/uploads\\\/2022\\\/09\\\/IMG_20220202_121257-scaled.jpg\",\"articleSection\":[\"Carilles\",\"Cas\"],\"inLanguage\":\"ca\",\"potentialAction\":[{\"@type\":\"CommentAction\",\"name\":\"Comment\",\"target\":[\"https:\\\/\\\/www.clinicadentalnm.com\\\/ca\\\/cas-7-cas-de-fluorosi-tractat-amb-carilles-fedelpatiques\\\/#respond\"]}]},{\"@type\":\"WebPage\",\"@id\":\"https:\\\/\\\/www.clinicadentalnm.com\\\/ca\\\/cas-7-cas-de-fluorosi-tractat-amb-carilles-fedelpatiques\\\/\",\"url\":\"https:\\\/\\\/www.clinicadentalnm.com\\\/ca\\\/cas-7-cas-de-fluorosi-tractat-amb-carilles-fedelpatiques\\\/\",\"name\":\"Cas 7 \u2013 Cas de fluorosi tractat amb carilles feldesp\u00e0tiques - Cl\u00ednica Dental NM\",\"isPartOf\":{\"@id\":\"https:\\\/\\\/www.clinicadentalnm.com\\\/ca\\\/#website\"},\"primaryImageOfPage\":{\"@id\":\"https:\\\/\\\/www.clinicadentalnm.com\\\/ca\\\/cas-7-cas-de-fluorosi-tractat-amb-carilles-fedelpatiques\\\/#primaryimage\"},\"image\":{\"@id\":\"https:\\\/\\\/www.clinicadentalnm.com\\\/ca\\\/cas-7-cas-de-fluorosi-tractat-amb-carilles-fedelpatiques\\\/#primaryimage\"},\"thumbnailUrl\":\"https:\\\/\\\/www.clinicadentalnm.com\\\/wp-content\\\/uploads\\\/2022\\\/09\\\/IMG_20220202_121257-scaled.jpg\",\"datePublished\":\"2022-09-07T10:09:08+00:00\",\"dateModified\":\"2024-11-06T12:18:06+00:00\",\"author\":{\"@id\":\"https:\\\/\\\/www.clinicadentalnm.com\\\/ca\\\/#\\\/schema\\\/person\\\/b2c07ce9385cd2f98020f07b1c6fea0f\"},\"description\":\"Millora de fluorosi amb carilles feldesp\u00e0tiques \u2705Descobreix el resultat del tractament per a la fluorosi\",\"breadcrumb\":{\"@id\":\"https:\\\/\\\/www.clinicadentalnm.com\\\/ca\\\/cas-7-cas-de-fluorosi-tractat-amb-carilles-fedelpatiques\\\/#breadcrumb\"},\"inLanguage\":\"ca\",\"potentialAction\":[{\"@type\":\"ReadAction\",\"target\":[\"https:\\\/\\\/www.clinicadentalnm.com\\\/ca\\\/cas-7-cas-de-fluorosi-tractat-amb-carilles-fedelpatiques\\\/\"]}]},{\"@type\":\"ImageObject\",\"inLanguage\":\"ca\",\"@id\":\"https:\\\/\\\/www.clinicadentalnm.com\\\/ca\\\/cas-7-cas-de-fluorosi-tractat-amb-carilles-fedelpatiques\\\/#primaryimage\",\"url\":\"https:\\\/\\\/www.clinicadentalnm.com\\\/wp-content\\\/uploads\\\/2022\\\/09\\\/IMG_20220202_121257-scaled.jpg\",\"contentUrl\":\"https:\\\/\\\/www.clinicadentalnm.com\\\/wp-content\\\/uploads\\\/2022\\\/09\\\/IMG_20220202_121257-scaled.jpg\",\"width\":1920,\"height\":1338},{\"@type\":\"BreadcrumbList\",\"@id\":\"https:\\\/\\\/www.clinicadentalnm.com\\\/ca\\\/cas-7-cas-de-fluorosi-tractat-amb-carilles-fedelpatiques\\\/#breadcrumb\",\"itemListElement\":[{\"@type\":\"ListItem\",\"position\":1,\"name\":\"Portada\",\"item\":\"https:\\\/\\\/www.clinicadentalnm.com\\\/ca\\\/\"},{\"@type\":\"ListItem\",\"position\":2,\"name\":\"Cas 7 \u2013 Cas de fluorosi tractat amb carilles feldesp\u00e0tiques\"}]},{\"@type\":\"WebSite\",\"@id\":\"https:\\\/\\\/www.clinicadentalnm.com\\\/ca\\\/#website\",\"url\":\"https:\\\/\\\/www.clinicadentalnm.com\\\/ca\\\/\",\"name\":\"Cl\u00ednica Dental NM\",\"description\":\"Cl\u00ednica dental a la Garriga\",\"potentialAction\":[{\"@type\":\"SearchAction\",\"target\":{\"@type\":\"EntryPoint\",\"urlTemplate\":\"https:\\\/\\\/www.clinicadentalnm.com\\\/ca\\\/?s={search_term_string}\"},\"query-input\":{\"@type\":\"PropertyValueSpecification\",\"valueRequired\":true,\"valueName\":\"search_term_string\"}}],\"inLanguage\":\"ca\"},{\"@type\":\"Person\",\"@id\":\"https:\\\/\\\/www.clinicadentalnm.com\\\/ca\\\/#\\\/schema\\\/person\\\/b2c07ce9385cd2f98020f07b1c6fea0f\",\"name\":\"plantillamaster\",\"image\":{\"@type\":\"ImageObject\",\"inLanguage\":\"ca\",\"@id\":\"https:\\\/\\\/secure.gravatar.com\\\/avatar\\\/4a150a5a4bf21223237c208841c56f45048d21587e7393cd8dbf42436f4ab6f0?s=96&d=mm&r=g\",\"url\":\"https:\\\/\\\/secure.gravatar.com\\\/avatar\\\/4a150a5a4bf21223237c208841c56f45048d21587e7393cd8dbf42436f4ab6f0?s=96&d=mm&r=g\",\"contentUrl\":\"https:\\\/\\\/secure.gravatar.com\\\/avatar\\\/4a150a5a4bf21223237c208841c56f45048d21587e7393cd8dbf42436f4ab6f0?s=96&d=mm&r=g\",\"caption\":\"plantillamaster\"},\"sameAs\":[\"https:\\\/\\\/www.clinicadentalnm.com\"],\"url\":\"https:\\\/\\\/www.clinicadentalnm.com\\\/ca\\\/author\\\/plantillamaster\\\/\"}]}<\/script>\n<!-- \/ Yoast SEO plugin. -->","yoast_head_json":{"title":"Cas 7 \u2013 Cas de fluorosi tractat amb carilles feldesp\u00e0tiques - Cl\u00ednica Dental NM","description":"Millora de fluorosi amb carilles feldesp\u00e0tiques \u2705Descobreix el resultat del tractament per a la fluorosi","robots":{"index":"index","follow":"follow","max-snippet":"max-snippet:-1","max-image-preview":"max-image-preview:large","max-video-preview":"max-video-preview:-1"},"canonical":"https:\/\/www.clinicadentalnm.com\/ca\/cas-7-cas-de-fluorosi-tractat-amb-carilles-fedelpatiques\/","og_locale":"ca_ES","og_type":"article","og_title":"Cas 7 \u2013 Cas de fluorosi tractat amb carilles feldesp\u00e0tiques - Cl\u00ednica Dental NM","og_description":"Millora de fluorosi amb carilles feldesp\u00e0tiques \u2705Descobreix el resultat del tractament per a la fluorosi","og_url":"https:\/\/www.clinicadentalnm.com\/ca\/cas-7-cas-de-fluorosi-tractat-amb-carilles-fedelpatiques\/","og_site_name":"Cl\u00ednica Dental NM","article_published_time":"2022-09-07T10:09:08+00:00","article_modified_time":"2024-11-06T12:18:06+00:00","og_image":[{"width":1920,"height":1338,"url":"https:\/\/www.clinicadentalnm.com\/wp-content\/uploads\/2022\/09\/IMG_20220202_121257-scaled.jpg","type":"image\/jpeg"}],"author":"plantillamaster","twitter_card":"summary_large_image","twitter_misc":{"Escrit per":"plantillamaster","Temps estimat de lectura":"1 minut"},"schema":{"@context":"https:\/\/schema.org","@graph":[{"@type":"Article","@id":"https:\/\/www.clinicadentalnm.com\/ca\/cas-7-cas-de-fluorosi-tractat-amb-carilles-fedelpatiques\/#article","isPartOf":{"@id":"https:\/\/www.clinicadentalnm.com\/ca\/cas-7-cas-de-fluorosi-tractat-amb-carilles-fedelpatiques\/"},"author":{"name":"plantillamaster","@id":"https:\/\/www.clinicadentalnm.com\/ca\/#\/schema\/person\/b2c07ce9385cd2f98020f07b1c6fea0f"},"headline":"Cas 7 \u2013 Cas de fluorosi tractat amb carilles feldesp\u00e0tiques","datePublished":"2022-09-07T10:09:08+00:00","dateModified":"2024-11-06T12:18:06+00:00","mainEntityOfPage":{"@id":"https:\/\/www.clinicadentalnm.com\/ca\/cas-7-cas-de-fluorosi-tractat-amb-carilles-fedelpatiques\/"},"wordCount":150,"commentCount":0,"image":{"@id":"https:\/\/www.clinicadentalnm.com\/ca\/cas-7-cas-de-fluorosi-tractat-amb-carilles-fedelpatiques\/#primaryimage"},"thumbnailUrl":"https:\/\/www.clinicadentalnm.com\/wp-content\/uploads\/2022\/09\/IMG_20220202_121257-scaled.jpg","articleSection":["Carilles","Cas"],"inLanguage":"ca","potentialAction":[{"@type":"CommentAction","name":"Comment","target":["https:\/\/www.clinicadentalnm.com\/ca\/cas-7-cas-de-fluorosi-tractat-amb-carilles-fedelpatiques\/#respond"]}]},{"@type":"WebPage","@id":"https:\/\/www.clinicadentalnm.com\/ca\/cas-7-cas-de-fluorosi-tractat-amb-carilles-fedelpatiques\/","url":"https:\/\/www.clinicadentalnm.com\/ca\/cas-7-cas-de-fluorosi-tractat-amb-carilles-fedelpatiques\/","name":"Cas 7 \u2013 Cas de fluorosi tractat amb carilles feldesp\u00e0tiques - Cl\u00ednica Dental NM","isPartOf":{"@id":"https:\/\/www.clinicadentalnm.com\/ca\/#website"},"primaryImageOfPage":{"@id":"https:\/\/www.clinicadentalnm.com\/ca\/cas-7-cas-de-fluorosi-tractat-amb-carilles-fedelpatiques\/#primaryimage"},"image":{"@id":"https:\/\/www.clinicadentalnm.com\/ca\/cas-7-cas-de-fluorosi-tractat-amb-carilles-fedelpatiques\/#primaryimage"},"thumbnailUrl":"https:\/\/www.clinicadentalnm.com\/wp-content\/uploads\/2022\/09\/IMG_20220202_121257-scaled.jpg","datePublished":"2022-09-07T10:09:08+00:00","dateModified":"2024-11-06T12:18:06+00:00","author":{"@id":"https:\/\/www.clinicadentalnm.com\/ca\/#\/schema\/person\/b2c07ce9385cd2f98020f07b1c6fea0f"},"description":"Millora de fluorosi amb carilles feldesp\u00e0tiques \u2705Descobreix el resultat del tractament per a la fluorosi","breadcrumb":{"@id":"https:\/\/www.clinicadentalnm.com\/ca\/cas-7-cas-de-fluorosi-tractat-amb-carilles-fedelpatiques\/#breadcrumb"},"inLanguage":"ca","potentialAction":[{"@type":"ReadAction","target":["https:\/\/www.clinicadentalnm.com\/ca\/cas-7-cas-de-fluorosi-tractat-amb-carilles-fedelpatiques\/"]}]},{"@type":"ImageObject","inLanguage":"ca","@id":"https:\/\/www.clinicadentalnm.com\/ca\/cas-7-cas-de-fluorosi-tractat-amb-carilles-fedelpatiques\/#primaryimage","url":"https:\/\/www.clinicadentalnm.com\/wp-content\/uploads\/2022\/09\/IMG_20220202_121257-scaled.jpg","contentUrl":"https:\/\/www.clinicadentalnm.com\/wp-content\/uploads\/2022\/09\/IMG_20220202_121257-scaled.jpg","width":1920,"height":1338},{"@type":"BreadcrumbList","@id":"https:\/\/www.clinicadentalnm.com\/ca\/cas-7-cas-de-fluorosi-tractat-amb-carilles-fedelpatiques\/#breadcrumb","itemListElement":[{"@type":"ListItem","position":1,"name":"Portada","item":"https:\/\/www.clinicadentalnm.com\/ca\/"},{"@type":"ListItem","position":2,"name":"Cas 7 \u2013 Cas de fluorosi tractat amb carilles feldesp\u00e0tiques"}]},{"@type":"WebSite","@id":"https:\/\/www.clinicadentalnm.com\/ca\/#website","url":"https:\/\/www.clinicadentalnm.com\/ca\/","name":"Cl\u00ednica Dental NM","description":"Cl\u00ednica dental a la Garriga","potentialAction":[{"@type":"SearchAction","target":{"@type":"EntryPoint","urlTemplate":"https:\/\/www.clinicadentalnm.com\/ca\/?s={search_term_string}"},"query-input":{"@type":"PropertyValueSpecification","valueRequired":true,"valueName":"search_term_string"}}],"inLanguage":"ca"},{"@type":"Person","@id":"https:\/\/www.clinicadentalnm.com\/ca\/#\/schema\/person\/b2c07ce9385cd2f98020f07b1c6fea0f","name":"plantillamaster","image":{"@type":"ImageObject","inLanguage":"ca","@id":"https:\/\/secure.gravatar.com\/avatar\/4a150a5a4bf21223237c208841c56f45048d21587e7393cd8dbf42436f4ab6f0?s=96&d=mm&r=g","url":"https:\/\/secure.gravatar.com\/avatar\/4a150a5a4bf21223237c208841c56f45048d21587e7393cd8dbf42436f4ab6f0?s=96&d=mm&r=g","contentUrl":"https:\/\/secure.gravatar.com\/avatar\/4a150a5a4bf21223237c208841c56f45048d21587e7393cd8dbf42436f4ab6f0?s=96&d=mm&r=g","caption":"plantillamaster"},"sameAs":["https:\/\/www.clinicadentalnm.com"],"url":"https:\/\/www.clinicadentalnm.com\/ca\/author\/plantillamaster\/"}]}},"_links":{"self":[{"href":"https:\/\/www.clinicadentalnm.com\/ca\/wp-json\/wp\/v2\/posts\/2000","targetHints":{"allow":["GET"]}}],"collection":[{"href":"https:\/\/www.clinicadentalnm.com\/ca\/wp-json\/wp\/v2\/posts"}],"about":[{"href":"https:\/\/www.clinicadentalnm.com\/ca\/wp-json\/wp\/v2\/types\/post"}],"author":[{"embeddable":true,"href":"https:\/\/www.clinicadentalnm.com\/ca\/wp-json\/wp\/v2\/users\/1"}],"replies":[{"embeddable":true,"href":"https:\/\/www.clinicadentalnm.com\/ca\/wp-json\/wp\/v2\/comments?post=2000"}],"version-history":[{"count":4,"href":"https:\/\/www.clinicadentalnm.com\/ca\/wp-json\/wp\/v2\/posts\/2000\/revisions"}],"predecessor-version":[{"id":5191,"href":"https:\/\/www.clinicadentalnm.com\/ca\/wp-json\/wp\/v2\/posts\/2000\/revisions\/5191"}],"wp:featuredmedia":[{"embeddable":true,"href":"https:\/\/www.clinicadentalnm.com\/ca\/wp-json\/wp\/v2\/media\/3016"}],"wp:attachment":[{"href":"https:\/\/www.clinicadentalnm.com\/ca\/wp-json\/wp\/v2\/media?parent=2000"}],"wp:term":[{"taxonomy":"category","embeddable":true,"href":"https:\/\/www.clinicadentalnm.com\/ca\/wp-json\/wp\/v2\/categories?post=2000"},{"taxonomy":"post_tag","embeddable":true,"href":"https:\/\/www.clinicadentalnm.com\/ca\/wp-json\/wp\/v2\/tags?post=2000"}],"curies":[{"name":"wp","href":"https:\/\/api.w.org\/{rel}","templated":true}]}}