{"id":2020,"date":"2022-09-07T10:16:49","date_gmt":"2022-09-07T10:16:49","guid":{"rendered":"https:\/\/www.clinicadentalnm.com\/?p=2020"},"modified":"2024-11-06T12:16:05","modified_gmt":"2024-11-06T12:16:05","slug":"cas-9-tancament-de-diastemes-amb-carilles-de-disilicat","status":"publish","type":"post","link":"https:\/\/www.clinicadentalnm.com\/ca\/cas-9-tancament-de-diastemes-amb-carilles-de-disilicat\/","title":{"rendered":"Cas 9 \u2013 Tancament de diastema amb carilles de disilicat"},"content":{"rendered":"\t\t<div data-elementor-type=\"wp-post\" data-elementor-id=\"2020\" class=\"elementor elementor-2020\" data-elementor-post-type=\"post\">\n\t\t\t\t\t\t<section class=\"elementor-section elementor-top-section elementor-element elementor-element-6e955704 elementor-section-boxed elementor-section-height-default elementor-section-height-default\" data-id=\"6e955704\" data-element_type=\"section\" data-e-type=\"section\">\n\t\t\t\t\t\t<div class=\"elementor-container elementor-column-gap-default\">\n\t\t\t\t\t<div class=\"elementor-column elementor-col-100 elementor-top-column elementor-element elementor-element-50e67899\" data-id=\"50e67899\" data-element_type=\"column\" data-e-type=\"column\">\n\t\t\t<div class=\"elementor-widget-wrap elementor-element-populated\">\n\t\t\t\t\t\t<div class=\"elementor-element elementor-element-75dde8e elementor-widget elementor-widget-text-editor\" data-id=\"75dde8e\" data-element_type=\"widget\" data-e-type=\"widget\" data-widget_type=\"text-editor.default\">\n\t\t\t\t<div class=\"elementor-widget-container\">\n\t\t\t\t\t\t\t\t\t\n<p>La pacient ens explica que t\u00e9 complexe amb el diastema (separaci\u00f3 de les dents) que presenta a nivell de les incisives anteriors superiors. En el seu cas, vol una soluci\u00f3 r\u00e0pida que no impliqui corregir la posici\u00f3 de les dents amb tractament d&#8217;ortod\u00f2ncia. A m\u00e9s a m\u00e9s, vol conservar el color de les seves dents actuals.<\/p>\n\n\n\n<p>Un cop evaluat el cas i totes les opcions de tractaments, decidim realitzar un nou disseny de somriure modificant la forma, corregint les proporcions i tancant el diastema amb carilles de disilicat d&#8217;ullal a ullal.<\/p>\n\t\t\t\t\t\t\t\t<\/div>\n\t\t\t\t<\/div>\n\t\t\t\t\t<\/div>\n\t\t<\/div>\n\t\t\t\t\t<\/div>\n\t\t<\/section>\n\t\t\t\t<\/div>\n\t\t","protected":false},"excerpt":{"rendered":"<p>La pacient ens explica que t\u00e9 complexe amb el diastema (separaci\u00f3 de les dents) que presenta a nivell de les incisives anteriors superiors. En el seu cas, vol una soluci\u00f3 r\u00e0pida que no impliqui corregir la posici\u00f3 de les dents amb tractament d&#8217;ortod\u00f2ncia. A m\u00e9s a m\u00e9s, vol conservar el color de les seves dents [&hellip;]<\/p>\n","protected":false},"author":1,"featured_media":3020,"comment_status":"open","ping_status":"open","sticky":false,"template":"","format":"standard","meta":{"_acf_changed":false,"footnotes":""},"categories":[23,22],"tags":[],"class_list":["post-2020","post","type-post","status-publish","format-standard","has-post-thumbnail","hentry","category-carilles","category-cas"],"acf":[],"yoast_head":"<!-- This site is optimized with the Yoast SEO plugin v28.3 - https:\/\/yoast.com\/product\/yoast-seo-wordpress\/ -->\n<title>Cas 9 \u2013 Tancament de diastema amb carilles de disilicat - Cl\u00ednica Dental NM<\/title>\n<meta name=\"description\" content=\"Tancament de diastema amb carilles \u2705 Descobreix el resultat del tractament per a tancar diastemes amb carilles de disilicat\" \/>\n<meta name=\"robots\" content=\"index, follow, max-snippet:-1, max-image-preview:large, max-video-preview:-1\" \/>\n<link rel=\"canonical\" href=\"https:\/\/www.clinicadentalnm.com\/ca\/cas-9-tancament-de-diastemes-amb-carilles-de-disilicat\/\" \/>\n<meta property=\"og:locale\" content=\"ca_ES\" \/>\n<meta property=\"og:type\" content=\"article\" \/>\n<meta property=\"og:title\" content=\"Cas 9 \u2013 Tancament de diastema amb carilles de disilicat - Cl\u00ednica Dental NM\" \/>\n<meta property=\"og:description\" content=\"Tancament de diastema amb carilles \u2705 Descobreix el resultat del tractament per a tancar diastemes amb carilles de disilicat\" \/>\n<meta property=\"og:url\" content=\"https:\/\/www.clinicadentalnm.com\/ca\/cas-9-tancament-de-diastemes-amb-carilles-de-disilicat\/\" \/>\n<meta property=\"og:site_name\" content=\"Cl\u00ednica Dental NM\" \/>\n<meta property=\"article:published_time\" content=\"2022-09-07T10:16:49+00:00\" \/>\n<meta property=\"article:modified_time\" content=\"2024-11-06T12:16:05+00:00\" \/>\n<meta property=\"og:image\" content=\"https:\/\/www.clinicadentalnm.com\/wp-content\/uploads\/2022\/09\/estetica-222-e1666261897691.jpg\" \/>\n\t<meta property=\"og:image:width\" content=\"883\" \/>\n\t<meta property=\"og:image:height\" content=\"459\" \/>\n\t<meta property=\"og:image:type\" content=\"image\/jpeg\" \/>\n<meta name=\"author\" content=\"plantillamaster\" \/>\n<meta name=\"twitter:card\" content=\"summary_large_image\" \/>\n<meta name=\"twitter:label1\" content=\"Escrit per\" \/>\n\t<meta name=\"twitter:data1\" content=\"plantillamaster\" \/>\n\t<meta name=\"twitter:label2\" content=\"Temps estimat de lectura\" \/>\n\t<meta name=\"twitter:data2\" content=\"1 minut\" \/>\n<script type=\"application\/ld+json\" class=\"yoast-schema-graph\">{\"@context\":\"https:\\\/\\\/schema.org\",\"@graph\":[{\"@type\":\"Article\",\"@id\":\"https:\\\/\\\/www.clinicadentalnm.com\\\/ca\\\/cas-9-tancament-de-diastemes-amb-carilles-de-disilicat\\\/#article\",\"isPartOf\":{\"@id\":\"https:\\\/\\\/www.clinicadentalnm.com\\\/ca\\\/cas-9-tancament-de-diastemes-amb-carilles-de-disilicat\\\/\"},\"author\":{\"name\":\"plantillamaster\",\"@id\":\"https:\\\/\\\/www.clinicadentalnm.com\\\/ca\\\/#\\\/schema\\\/person\\\/b2c07ce9385cd2f98020f07b1c6fea0f\"},\"headline\":\"Cas 9 \u2013 Tancament de diastema amb carilles de disilicat\",\"datePublished\":\"2022-09-07T10:16:49+00:00\",\"dateModified\":\"2024-11-06T12:16:05+00:00\",\"mainEntityOfPage\":{\"@id\":\"https:\\\/\\\/www.clinicadentalnm.com\\\/ca\\\/cas-9-tancament-de-diastemes-amb-carilles-de-disilicat\\\/\"},\"wordCount\":105,\"commentCount\":0,\"image\":{\"@id\":\"https:\\\/\\\/www.clinicadentalnm.com\\\/ca\\\/cas-9-tancament-de-diastemes-amb-carilles-de-disilicat\\\/#primaryimage\"},\"thumbnailUrl\":\"https:\\\/\\\/www.clinicadentalnm.com\\\/wp-content\\\/uploads\\\/2022\\\/09\\\/estetica-222-e1666261897691.jpg\",\"articleSection\":[\"Carilles\",\"Cas\"],\"inLanguage\":\"ca\",\"potentialAction\":[{\"@type\":\"CommentAction\",\"name\":\"Comment\",\"target\":[\"https:\\\/\\\/www.clinicadentalnm.com\\\/ca\\\/cas-9-tancament-de-diastemes-amb-carilles-de-disilicat\\\/#respond\"]}]},{\"@type\":\"WebPage\",\"@id\":\"https:\\\/\\\/www.clinicadentalnm.com\\\/ca\\\/cas-9-tancament-de-diastemes-amb-carilles-de-disilicat\\\/\",\"url\":\"https:\\\/\\\/www.clinicadentalnm.com\\\/ca\\\/cas-9-tancament-de-diastemes-amb-carilles-de-disilicat\\\/\",\"name\":\"Cas 9 \u2013 Tancament de diastema amb carilles de disilicat - Cl\u00ednica Dental NM\",\"isPartOf\":{\"@id\":\"https:\\\/\\\/www.clinicadentalnm.com\\\/ca\\\/#website\"},\"primaryImageOfPage\":{\"@id\":\"https:\\\/\\\/www.clinicadentalnm.com\\\/ca\\\/cas-9-tancament-de-diastemes-amb-carilles-de-disilicat\\\/#primaryimage\"},\"image\":{\"@id\":\"https:\\\/\\\/www.clinicadentalnm.com\\\/ca\\\/cas-9-tancament-de-diastemes-amb-carilles-de-disilicat\\\/#primaryimage\"},\"thumbnailUrl\":\"https:\\\/\\\/www.clinicadentalnm.com\\\/wp-content\\\/uploads\\\/2022\\\/09\\\/estetica-222-e1666261897691.jpg\",\"datePublished\":\"2022-09-07T10:16:49+00:00\",\"dateModified\":\"2024-11-06T12:16:05+00:00\",\"author\":{\"@id\":\"https:\\\/\\\/www.clinicadentalnm.com\\\/ca\\\/#\\\/schema\\\/person\\\/b2c07ce9385cd2f98020f07b1c6fea0f\"},\"description\":\"Tancament de diastema amb carilles \u2705 Descobreix el resultat del tractament per a tancar diastemes amb carilles de disilicat\",\"breadcrumb\":{\"@id\":\"https:\\\/\\\/www.clinicadentalnm.com\\\/ca\\\/cas-9-tancament-de-diastemes-amb-carilles-de-disilicat\\\/#breadcrumb\"},\"inLanguage\":\"ca\",\"potentialAction\":[{\"@type\":\"ReadAction\",\"target\":[\"https:\\\/\\\/www.clinicadentalnm.com\\\/ca\\\/cas-9-tancament-de-diastemes-amb-carilles-de-disilicat\\\/\"]}]},{\"@type\":\"ImageObject\",\"inLanguage\":\"ca\",\"@id\":\"https:\\\/\\\/www.clinicadentalnm.com\\\/ca\\\/cas-9-tancament-de-diastemes-amb-carilles-de-disilicat\\\/#primaryimage\",\"url\":\"https:\\\/\\\/www.clinicadentalnm.com\\\/wp-content\\\/uploads\\\/2022\\\/09\\\/estetica-222-e1666261897691.jpg\",\"contentUrl\":\"https:\\\/\\\/www.clinicadentalnm.com\\\/wp-content\\\/uploads\\\/2022\\\/09\\\/estetica-222-e1666261897691.jpg\",\"width\":883,\"height\":459},{\"@type\":\"BreadcrumbList\",\"@id\":\"https:\\\/\\\/www.clinicadentalnm.com\\\/ca\\\/cas-9-tancament-de-diastemes-amb-carilles-de-disilicat\\\/#breadcrumb\",\"itemListElement\":[{\"@type\":\"ListItem\",\"position\":1,\"name\":\"Portada\",\"item\":\"https:\\\/\\\/www.clinicadentalnm.com\\\/ca\\\/\"},{\"@type\":\"ListItem\",\"position\":2,\"name\":\"Cas 9 \u2013 Tancament de diastema amb carilles de disilicat\"}]},{\"@type\":\"WebSite\",\"@id\":\"https:\\\/\\\/www.clinicadentalnm.com\\\/ca\\\/#website\",\"url\":\"https:\\\/\\\/www.clinicadentalnm.com\\\/ca\\\/\",\"name\":\"Cl\u00ednica Dental NM\",\"description\":\"Cl\u00ednica dental a la Garriga\",\"potentialAction\":[{\"@type\":\"SearchAction\",\"target\":{\"@type\":\"EntryPoint\",\"urlTemplate\":\"https:\\\/\\\/www.clinicadentalnm.com\\\/ca\\\/?s={search_term_string}\"},\"query-input\":{\"@type\":\"PropertyValueSpecification\",\"valueRequired\":true,\"valueName\":\"search_term_string\"}}],\"inLanguage\":\"ca\"},{\"@type\":\"Person\",\"@id\":\"https:\\\/\\\/www.clinicadentalnm.com\\\/ca\\\/#\\\/schema\\\/person\\\/b2c07ce9385cd2f98020f07b1c6fea0f\",\"name\":\"plantillamaster\",\"image\":{\"@type\":\"ImageObject\",\"inLanguage\":\"ca\",\"@id\":\"https:\\\/\\\/secure.gravatar.com\\\/avatar\\\/4a150a5a4bf21223237c208841c56f45048d21587e7393cd8dbf42436f4ab6f0?s=96&d=mm&r=g\",\"url\":\"https:\\\/\\\/secure.gravatar.com\\\/avatar\\\/4a150a5a4bf21223237c208841c56f45048d21587e7393cd8dbf42436f4ab6f0?s=96&d=mm&r=g\",\"contentUrl\":\"https:\\\/\\\/secure.gravatar.com\\\/avatar\\\/4a150a5a4bf21223237c208841c56f45048d21587e7393cd8dbf42436f4ab6f0?s=96&d=mm&r=g\",\"caption\":\"plantillamaster\"},\"sameAs\":[\"https:\\\/\\\/www.clinicadentalnm.com\"],\"url\":\"https:\\\/\\\/www.clinicadentalnm.com\\\/ca\\\/author\\\/plantillamaster\\\/\"}]}<\/script>\n<!-- \/ Yoast SEO plugin. -->","yoast_head_json":{"title":"Cas 9 \u2013 Tancament de diastema amb carilles de disilicat - Cl\u00ednica Dental NM","description":"Tancament de diastema amb carilles \u2705 Descobreix el resultat del tractament per a tancar diastemes amb carilles de disilicat","robots":{"index":"index","follow":"follow","max-snippet":"max-snippet:-1","max-image-preview":"max-image-preview:large","max-video-preview":"max-video-preview:-1"},"canonical":"https:\/\/www.clinicadentalnm.com\/ca\/cas-9-tancament-de-diastemes-amb-carilles-de-disilicat\/","og_locale":"ca_ES","og_type":"article","og_title":"Cas 9 \u2013 Tancament de diastema amb carilles de disilicat - Cl\u00ednica Dental NM","og_description":"Tancament de diastema amb carilles \u2705 Descobreix el resultat del tractament per a tancar diastemes amb carilles de disilicat","og_url":"https:\/\/www.clinicadentalnm.com\/ca\/cas-9-tancament-de-diastemes-amb-carilles-de-disilicat\/","og_site_name":"Cl\u00ednica Dental NM","article_published_time":"2022-09-07T10:16:49+00:00","article_modified_time":"2024-11-06T12:16:05+00:00","og_image":[{"width":883,"height":459,"url":"https:\/\/www.clinicadentalnm.com\/wp-content\/uploads\/2022\/09\/estetica-222-e1666261897691.jpg","type":"image\/jpeg"}],"author":"plantillamaster","twitter_card":"summary_large_image","twitter_misc":{"Escrit per":"plantillamaster","Temps estimat de lectura":"1 minut"},"schema":{"@context":"https:\/\/schema.org","@graph":[{"@type":"Article","@id":"https:\/\/www.clinicadentalnm.com\/ca\/cas-9-tancament-de-diastemes-amb-carilles-de-disilicat\/#article","isPartOf":{"@id":"https:\/\/www.clinicadentalnm.com\/ca\/cas-9-tancament-de-diastemes-amb-carilles-de-disilicat\/"},"author":{"name":"plantillamaster","@id":"https:\/\/www.clinicadentalnm.com\/ca\/#\/schema\/person\/b2c07ce9385cd2f98020f07b1c6fea0f"},"headline":"Cas 9 \u2013 Tancament de diastema amb carilles de disilicat","datePublished":"2022-09-07T10:16:49+00:00","dateModified":"2024-11-06T12:16:05+00:00","mainEntityOfPage":{"@id":"https:\/\/www.clinicadentalnm.com\/ca\/cas-9-tancament-de-diastemes-amb-carilles-de-disilicat\/"},"wordCount":105,"commentCount":0,"image":{"@id":"https:\/\/www.clinicadentalnm.com\/ca\/cas-9-tancament-de-diastemes-amb-carilles-de-disilicat\/#primaryimage"},"thumbnailUrl":"https:\/\/www.clinicadentalnm.com\/wp-content\/uploads\/2022\/09\/estetica-222-e1666261897691.jpg","articleSection":["Carilles","Cas"],"inLanguage":"ca","potentialAction":[{"@type":"CommentAction","name":"Comment","target":["https:\/\/www.clinicadentalnm.com\/ca\/cas-9-tancament-de-diastemes-amb-carilles-de-disilicat\/#respond"]}]},{"@type":"WebPage","@id":"https:\/\/www.clinicadentalnm.com\/ca\/cas-9-tancament-de-diastemes-amb-carilles-de-disilicat\/","url":"https:\/\/www.clinicadentalnm.com\/ca\/cas-9-tancament-de-diastemes-amb-carilles-de-disilicat\/","name":"Cas 9 \u2013 Tancament de diastema amb carilles de disilicat - Cl\u00ednica Dental NM","isPartOf":{"@id":"https:\/\/www.clinicadentalnm.com\/ca\/#website"},"primaryImageOfPage":{"@id":"https:\/\/www.clinicadentalnm.com\/ca\/cas-9-tancament-de-diastemes-amb-carilles-de-disilicat\/#primaryimage"},"image":{"@id":"https:\/\/www.clinicadentalnm.com\/ca\/cas-9-tancament-de-diastemes-amb-carilles-de-disilicat\/#primaryimage"},"thumbnailUrl":"https:\/\/www.clinicadentalnm.com\/wp-content\/uploads\/2022\/09\/estetica-222-e1666261897691.jpg","datePublished":"2022-09-07T10:16:49+00:00","dateModified":"2024-11-06T12:16:05+00:00","author":{"@id":"https:\/\/www.clinicadentalnm.com\/ca\/#\/schema\/person\/b2c07ce9385cd2f98020f07b1c6fea0f"},"description":"Tancament de diastema amb carilles \u2705 Descobreix el resultat del tractament per a tancar diastemes amb carilles de disilicat","breadcrumb":{"@id":"https:\/\/www.clinicadentalnm.com\/ca\/cas-9-tancament-de-diastemes-amb-carilles-de-disilicat\/#breadcrumb"},"inLanguage":"ca","potentialAction":[{"@type":"ReadAction","target":["https:\/\/www.clinicadentalnm.com\/ca\/cas-9-tancament-de-diastemes-amb-carilles-de-disilicat\/"]}]},{"@type":"ImageObject","inLanguage":"ca","@id":"https:\/\/www.clinicadentalnm.com\/ca\/cas-9-tancament-de-diastemes-amb-carilles-de-disilicat\/#primaryimage","url":"https:\/\/www.clinicadentalnm.com\/wp-content\/uploads\/2022\/09\/estetica-222-e1666261897691.jpg","contentUrl":"https:\/\/www.clinicadentalnm.com\/wp-content\/uploads\/2022\/09\/estetica-222-e1666261897691.jpg","width":883,"height":459},{"@type":"BreadcrumbList","@id":"https:\/\/www.clinicadentalnm.com\/ca\/cas-9-tancament-de-diastemes-amb-carilles-de-disilicat\/#breadcrumb","itemListElement":[{"@type":"ListItem","position":1,"name":"Portada","item":"https:\/\/www.clinicadentalnm.com\/ca\/"},{"@type":"ListItem","position":2,"name":"Cas 9 \u2013 Tancament de diastema amb carilles de disilicat"}]},{"@type":"WebSite","@id":"https:\/\/www.clinicadentalnm.com\/ca\/#website","url":"https:\/\/www.clinicadentalnm.com\/ca\/","name":"Cl\u00ednica Dental NM","description":"Cl\u00ednica dental a la Garriga","potentialAction":[{"@type":"SearchAction","target":{"@type":"EntryPoint","urlTemplate":"https:\/\/www.clinicadentalnm.com\/ca\/?s={search_term_string}"},"query-input":{"@type":"PropertyValueSpecification","valueRequired":true,"valueName":"search_term_string"}}],"inLanguage":"ca"},{"@type":"Person","@id":"https:\/\/www.clinicadentalnm.com\/ca\/#\/schema\/person\/b2c07ce9385cd2f98020f07b1c6fea0f","name":"plantillamaster","image":{"@type":"ImageObject","inLanguage":"ca","@id":"https:\/\/secure.gravatar.com\/avatar\/4a150a5a4bf21223237c208841c56f45048d21587e7393cd8dbf42436f4ab6f0?s=96&d=mm&r=g","url":"https:\/\/secure.gravatar.com\/avatar\/4a150a5a4bf21223237c208841c56f45048d21587e7393cd8dbf42436f4ab6f0?s=96&d=mm&r=g","contentUrl":"https:\/\/secure.gravatar.com\/avatar\/4a150a5a4bf21223237c208841c56f45048d21587e7393cd8dbf42436f4ab6f0?s=96&d=mm&r=g","caption":"plantillamaster"},"sameAs":["https:\/\/www.clinicadentalnm.com"],"url":"https:\/\/www.clinicadentalnm.com\/ca\/author\/plantillamaster\/"}]}},"_links":{"self":[{"href":"https:\/\/www.clinicadentalnm.com\/ca\/wp-json\/wp\/v2\/posts\/2020","targetHints":{"allow":["GET"]}}],"collection":[{"href":"https:\/\/www.clinicadentalnm.com\/ca\/wp-json\/wp\/v2\/posts"}],"about":[{"href":"https:\/\/www.clinicadentalnm.com\/ca\/wp-json\/wp\/v2\/types\/post"}],"author":[{"embeddable":true,"href":"https:\/\/www.clinicadentalnm.com\/ca\/wp-json\/wp\/v2\/users\/1"}],"replies":[{"embeddable":true,"href":"https:\/\/www.clinicadentalnm.com\/ca\/wp-json\/wp\/v2\/comments?post=2020"}],"version-history":[{"count":4,"href":"https:\/\/www.clinicadentalnm.com\/ca\/wp-json\/wp\/v2\/posts\/2020\/revisions"}],"predecessor-version":[{"id":5185,"href":"https:\/\/www.clinicadentalnm.com\/ca\/wp-json\/wp\/v2\/posts\/2020\/revisions\/5185"}],"wp:featuredmedia":[{"embeddable":true,"href":"https:\/\/www.clinicadentalnm.com\/ca\/wp-json\/wp\/v2\/media\/3020"}],"wp:attachment":[{"href":"https:\/\/www.clinicadentalnm.com\/ca\/wp-json\/wp\/v2\/media?parent=2020"}],"wp:term":[{"taxonomy":"category","embeddable":true,"href":"https:\/\/www.clinicadentalnm.com\/ca\/wp-json\/wp\/v2\/categories?post=2020"},{"taxonomy":"post_tag","embeddable":true,"href":"https:\/\/www.clinicadentalnm.com\/ca\/wp-json\/wp\/v2\/tags?post=2020"}],"curies":[{"name":"wp","href":"https:\/\/api.w.org\/{rel}","templated":true}]}}