{"id":2038,"date":"2022-09-07T10:22:57","date_gmt":"2022-09-07T10:22:57","guid":{"rendered":"https:\/\/www.clinicadentalnm.com\/?p=2038"},"modified":"2023-01-25T22:16:51","modified_gmt":"2023-01-25T22:16:51","slug":"cas-11-tractament-dagenesies-de-laterals-amb-carilles-feldespatiques","status":"publish","type":"post","link":"https:\/\/www.clinicadentalnm.com\/ca\/cas-11-tractament-dagenesies-de-laterals-amb-carilles-feldespatiques\/","title":{"rendered":"Cas 11 &#8211; Tractament d&#8217;agen\u00e8sies de laterals amb carilles feldesp\u00e0tiques"},"content":{"rendered":"\t\t<div data-elementor-type=\"wp-post\" data-elementor-id=\"2038\" class=\"elementor elementor-2038\" data-elementor-post-type=\"post\">\n\t\t\t\t\t\t<section class=\"elementor-section elementor-top-section elementor-element elementor-element-597153c0 elementor-section-boxed elementor-section-height-default elementor-section-height-default\" data-id=\"597153c0\" data-element_type=\"section\" data-e-type=\"section\">\n\t\t\t\t\t\t<div class=\"elementor-container elementor-column-gap-default\">\n\t\t\t\t\t<div class=\"elementor-column elementor-col-100 elementor-top-column elementor-element elementor-element-617e6cb8\" data-id=\"617e6cb8\" data-element_type=\"column\" data-e-type=\"column\">\n\t\t\t<div class=\"elementor-widget-wrap elementor-element-populated\">\n\t\t\t\t\t\t<div class=\"elementor-element elementor-element-204efe0c elementor-widget elementor-widget-text-editor\" data-id=\"204efe0c\" data-element_type=\"widget\" data-e-type=\"widget\" data-widget_type=\"text-editor.default\">\n\t\t\t\t<div class=\"elementor-widget-container\">\n\t\t\t\t\t\t\t\t\t<p><\/p>\n<p>El pacient acut a nosaltres perqu\u00e8 des de sempre s\u2019ha sentit molt acomplexat amb el seu somriure: no li agraden les seves dents, li falten els laterals superiors definitius i aix\u00f2 l&#8217;ha portat a controlar-se cont\u00ednuament per tal de no mostrar les dents. A m\u00e9s a m\u00e9s, degut a la seva professi\u00f3, necessita fer un tractament que impliqui el m\u00ednim n\u00famero de visites possible per tal de solucionar el seu motiu de consulta est\u00e8tic.<\/p>\n<p><\/p>\n<p><\/p>\n<p>Un cop escoltades les seves necessitats, estudiem el cas i vam decidim solucionar-lo amb un tractament de carilles d&#8217;ullal a ullal per tal de compensar els espais i canviar la forma de les dents. Fem el que se&#8217;n diu un \u201ccamuflatge\u201d, que consisteix en donar- li a l&#8217;ullal forma de lateral i al premolar forma d&#8217;ullal per tal d&#8217;harmonitzar i millorar l&#8217;est\u00e8tica del seu somriure.<\/p>\n<p><\/p>\t\t\t\t\t\t\t\t<\/div>\n\t\t\t\t<\/div>\n\t\t\t\t\t<\/div>\n\t\t<\/div>\n\t\t\t\t\t<\/div>\n\t\t<\/section>\n\t\t\t\t<\/div>\n\t\t","protected":false},"excerpt":{"rendered":"<p>El pacient acut a nosaltres perqu\u00e8 des de sempre s\u2019ha sentit molt acomplexat amb el seu somriure: no li agraden les seves dents, li falten els laterals superiors definitius i aix\u00f2 l&#8217;ha portat a controlar-se cont\u00ednuament per tal de no mostrar les dents. A m\u00e9s a m\u00e9s, degut a la seva professi\u00f3, necessita fer un [&hellip;]<\/p>\n","protected":false},"author":1,"featured_media":3022,"comment_status":"open","ping_status":"open","sticky":false,"template":"","format":"standard","meta":{"_acf_changed":false,"footnotes":""},"categories":[23,22],"tags":[],"class_list":["post-2038","post","type-post","status-publish","format-standard","has-post-thumbnail","hentry","category-carilles","category-cas"],"acf":[],"yoast_head":"<!-- This site is optimized with the Yoast SEO plugin v28.3 - https:\/\/yoast.com\/product\/yoast-seo-wordpress\/ -->\n<title>Cas 11 - Tractament d&#039;agen\u00e8sies de laterals amb carilles feldesp\u00e0tiques - Cl\u00ednica Dental NM<\/title>\n<meta name=\"description\" content=\"Tractament d\u2019agen\u00e8sies de laterals amb carilles feldesp\u00e0tiques\" \/>\n<meta name=\"robots\" content=\"index, follow, max-snippet:-1, max-image-preview:large, max-video-preview:-1\" \/>\n<link rel=\"canonical\" href=\"https:\/\/www.clinicadentalnm.com\/ca\/cas-11-tractament-dagenesies-de-laterals-amb-carilles-feldespatiques\/\" \/>\n<meta property=\"og:locale\" content=\"ca_ES\" \/>\n<meta property=\"og:type\" content=\"article\" \/>\n<meta property=\"og:title\" content=\"Cas 11 - Tractament d&#039;agen\u00e8sies de laterals amb carilles feldesp\u00e0tiques - Cl\u00ednica Dental NM\" \/>\n<meta property=\"og:description\" content=\"Tractament d\u2019agen\u00e8sies de laterals amb carilles feldesp\u00e0tiques\" \/>\n<meta property=\"og:url\" content=\"https:\/\/www.clinicadentalnm.com\/ca\/cas-11-tractament-dagenesies-de-laterals-amb-carilles-feldespatiques\/\" \/>\n<meta property=\"og:site_name\" content=\"Cl\u00ednica Dental NM\" \/>\n<meta property=\"article:published_time\" content=\"2022-09-07T10:22:57+00:00\" \/>\n<meta property=\"article:modified_time\" content=\"2023-01-25T22:16:51+00:00\" \/>\n<meta property=\"og:image\" content=\"https:\/\/www.clinicadentalnm.com\/wp-content\/uploads\/2022\/09\/Cas11Foto-2-1-e1666262076706.jpg\" \/>\n\t<meta property=\"og:image:width\" content=\"1080\" \/>\n\t<meta property=\"og:image:height\" content=\"745\" \/>\n\t<meta property=\"og:image:type\" content=\"image\/jpeg\" \/>\n<meta name=\"author\" content=\"plantillamaster\" \/>\n<meta name=\"twitter:card\" content=\"summary_large_image\" \/>\n<meta name=\"twitter:label1\" content=\"Escrit per\" \/>\n\t<meta name=\"twitter:data1\" content=\"plantillamaster\" \/>\n\t<meta name=\"twitter:label2\" content=\"Temps estimat de lectura\" \/>\n\t<meta name=\"twitter:data2\" content=\"1 minut\" \/>\n<script type=\"application\/ld+json\" class=\"yoast-schema-graph\">{\"@context\":\"https:\\\/\\\/schema.org\",\"@graph\":[{\"@type\":\"Article\",\"@id\":\"https:\\\/\\\/www.clinicadentalnm.com\\\/ca\\\/cas-11-tractament-dagenesies-de-laterals-amb-carilles-feldespatiques\\\/#article\",\"isPartOf\":{\"@id\":\"https:\\\/\\\/www.clinicadentalnm.com\\\/ca\\\/cas-11-tractament-dagenesies-de-laterals-amb-carilles-feldespatiques\\\/\"},\"author\":{\"name\":\"plantillamaster\",\"@id\":\"https:\\\/\\\/www.clinicadentalnm.com\\\/ca\\\/#\\\/schema\\\/person\\\/b2c07ce9385cd2f98020f07b1c6fea0f\"},\"headline\":\"Cas 11 &#8211; Tractament d&#8217;agen\u00e8sies de laterals amb carilles feldesp\u00e0tiques\",\"datePublished\":\"2022-09-07T10:22:57+00:00\",\"dateModified\":\"2023-01-25T22:16:51+00:00\",\"mainEntityOfPage\":{\"@id\":\"https:\\\/\\\/www.clinicadentalnm.com\\\/ca\\\/cas-11-tractament-dagenesies-de-laterals-amb-carilles-feldespatiques\\\/\"},\"wordCount\":166,\"commentCount\":0,\"image\":{\"@id\":\"https:\\\/\\\/www.clinicadentalnm.com\\\/ca\\\/cas-11-tractament-dagenesies-de-laterals-amb-carilles-feldespatiques\\\/#primaryimage\"},\"thumbnailUrl\":\"https:\\\/\\\/www.clinicadentalnm.com\\\/wp-content\\\/uploads\\\/2022\\\/09\\\/Cas11Foto-2-1-e1666262076706.jpg\",\"articleSection\":[\"Carilles\",\"Cas\"],\"inLanguage\":\"ca\",\"potentialAction\":[{\"@type\":\"CommentAction\",\"name\":\"Comment\",\"target\":[\"https:\\\/\\\/www.clinicadentalnm.com\\\/ca\\\/cas-11-tractament-dagenesies-de-laterals-amb-carilles-feldespatiques\\\/#respond\"]}]},{\"@type\":\"WebPage\",\"@id\":\"https:\\\/\\\/www.clinicadentalnm.com\\\/ca\\\/cas-11-tractament-dagenesies-de-laterals-amb-carilles-feldespatiques\\\/\",\"url\":\"https:\\\/\\\/www.clinicadentalnm.com\\\/ca\\\/cas-11-tractament-dagenesies-de-laterals-amb-carilles-feldespatiques\\\/\",\"name\":\"Cas 11 - Tractament d'agen\u00e8sies de laterals amb carilles feldesp\u00e0tiques - Cl\u00ednica Dental NM\",\"isPartOf\":{\"@id\":\"https:\\\/\\\/www.clinicadentalnm.com\\\/ca\\\/#website\"},\"primaryImageOfPage\":{\"@id\":\"https:\\\/\\\/www.clinicadentalnm.com\\\/ca\\\/cas-11-tractament-dagenesies-de-laterals-amb-carilles-feldespatiques\\\/#primaryimage\"},\"image\":{\"@id\":\"https:\\\/\\\/www.clinicadentalnm.com\\\/ca\\\/cas-11-tractament-dagenesies-de-laterals-amb-carilles-feldespatiques\\\/#primaryimage\"},\"thumbnailUrl\":\"https:\\\/\\\/www.clinicadentalnm.com\\\/wp-content\\\/uploads\\\/2022\\\/09\\\/Cas11Foto-2-1-e1666262076706.jpg\",\"datePublished\":\"2022-09-07T10:22:57+00:00\",\"dateModified\":\"2023-01-25T22:16:51+00:00\",\"author\":{\"@id\":\"https:\\\/\\\/www.clinicadentalnm.com\\\/ca\\\/#\\\/schema\\\/person\\\/b2c07ce9385cd2f98020f07b1c6fea0f\"},\"description\":\"Tractament d\u2019agen\u00e8sies de laterals amb carilles feldesp\u00e0tiques\",\"breadcrumb\":{\"@id\":\"https:\\\/\\\/www.clinicadentalnm.com\\\/ca\\\/cas-11-tractament-dagenesies-de-laterals-amb-carilles-feldespatiques\\\/#breadcrumb\"},\"inLanguage\":\"ca\",\"potentialAction\":[{\"@type\":\"ReadAction\",\"target\":[\"https:\\\/\\\/www.clinicadentalnm.com\\\/ca\\\/cas-11-tractament-dagenesies-de-laterals-amb-carilles-feldespatiques\\\/\"]}]},{\"@type\":\"ImageObject\",\"inLanguage\":\"ca\",\"@id\":\"https:\\\/\\\/www.clinicadentalnm.com\\\/ca\\\/cas-11-tractament-dagenesies-de-laterals-amb-carilles-feldespatiques\\\/#primaryimage\",\"url\":\"https:\\\/\\\/www.clinicadentalnm.com\\\/wp-content\\\/uploads\\\/2022\\\/09\\\/Cas11Foto-2-1-e1666262076706.jpg\",\"contentUrl\":\"https:\\\/\\\/www.clinicadentalnm.com\\\/wp-content\\\/uploads\\\/2022\\\/09\\\/Cas11Foto-2-1-e1666262076706.jpg\",\"width\":1080,\"height\":745},{\"@type\":\"BreadcrumbList\",\"@id\":\"https:\\\/\\\/www.clinicadentalnm.com\\\/ca\\\/cas-11-tractament-dagenesies-de-laterals-amb-carilles-feldespatiques\\\/#breadcrumb\",\"itemListElement\":[{\"@type\":\"ListItem\",\"position\":1,\"name\":\"Portada\",\"item\":\"https:\\\/\\\/www.clinicadentalnm.com\\\/ca\\\/\"},{\"@type\":\"ListItem\",\"position\":2,\"name\":\"Cas 11 &#8211; Tractament d&#8217;agen\u00e8sies de laterals amb carilles feldesp\u00e0tiques\"}]},{\"@type\":\"WebSite\",\"@id\":\"https:\\\/\\\/www.clinicadentalnm.com\\\/ca\\\/#website\",\"url\":\"https:\\\/\\\/www.clinicadentalnm.com\\\/ca\\\/\",\"name\":\"Cl\u00ednica Dental NM\",\"description\":\"Cl\u00ednica dental a la Garriga\",\"potentialAction\":[{\"@type\":\"SearchAction\",\"target\":{\"@type\":\"EntryPoint\",\"urlTemplate\":\"https:\\\/\\\/www.clinicadentalnm.com\\\/ca\\\/?s={search_term_string}\"},\"query-input\":{\"@type\":\"PropertyValueSpecification\",\"valueRequired\":true,\"valueName\":\"search_term_string\"}}],\"inLanguage\":\"ca\"},{\"@type\":\"Person\",\"@id\":\"https:\\\/\\\/www.clinicadentalnm.com\\\/ca\\\/#\\\/schema\\\/person\\\/b2c07ce9385cd2f98020f07b1c6fea0f\",\"name\":\"plantillamaster\",\"image\":{\"@type\":\"ImageObject\",\"inLanguage\":\"ca\",\"@id\":\"https:\\\/\\\/secure.gravatar.com\\\/avatar\\\/4a150a5a4bf21223237c208841c56f45048d21587e7393cd8dbf42436f4ab6f0?s=96&d=mm&r=g\",\"url\":\"https:\\\/\\\/secure.gravatar.com\\\/avatar\\\/4a150a5a4bf21223237c208841c56f45048d21587e7393cd8dbf42436f4ab6f0?s=96&d=mm&r=g\",\"contentUrl\":\"https:\\\/\\\/secure.gravatar.com\\\/avatar\\\/4a150a5a4bf21223237c208841c56f45048d21587e7393cd8dbf42436f4ab6f0?s=96&d=mm&r=g\",\"caption\":\"plantillamaster\"},\"sameAs\":[\"https:\\\/\\\/www.clinicadentalnm.com\"],\"url\":\"https:\\\/\\\/www.clinicadentalnm.com\\\/ca\\\/author\\\/plantillamaster\\\/\"}]}<\/script>\n<!-- \/ Yoast SEO plugin. -->","yoast_head_json":{"title":"Cas 11 - Tractament d'agen\u00e8sies de laterals amb carilles feldesp\u00e0tiques - Cl\u00ednica Dental NM","description":"Tractament d\u2019agen\u00e8sies de laterals amb carilles feldesp\u00e0tiques","robots":{"index":"index","follow":"follow","max-snippet":"max-snippet:-1","max-image-preview":"max-image-preview:large","max-video-preview":"max-video-preview:-1"},"canonical":"https:\/\/www.clinicadentalnm.com\/ca\/cas-11-tractament-dagenesies-de-laterals-amb-carilles-feldespatiques\/","og_locale":"ca_ES","og_type":"article","og_title":"Cas 11 - Tractament d'agen\u00e8sies de laterals amb carilles feldesp\u00e0tiques - Cl\u00ednica Dental NM","og_description":"Tractament d\u2019agen\u00e8sies de laterals amb carilles feldesp\u00e0tiques","og_url":"https:\/\/www.clinicadentalnm.com\/ca\/cas-11-tractament-dagenesies-de-laterals-amb-carilles-feldespatiques\/","og_site_name":"Cl\u00ednica Dental NM","article_published_time":"2022-09-07T10:22:57+00:00","article_modified_time":"2023-01-25T22:16:51+00:00","og_image":[{"width":1080,"height":745,"url":"https:\/\/www.clinicadentalnm.com\/wp-content\/uploads\/2022\/09\/Cas11Foto-2-1-e1666262076706.jpg","type":"image\/jpeg"}],"author":"plantillamaster","twitter_card":"summary_large_image","twitter_misc":{"Escrit per":"plantillamaster","Temps estimat de lectura":"1 minut"},"schema":{"@context":"https:\/\/schema.org","@graph":[{"@type":"Article","@id":"https:\/\/www.clinicadentalnm.com\/ca\/cas-11-tractament-dagenesies-de-laterals-amb-carilles-feldespatiques\/#article","isPartOf":{"@id":"https:\/\/www.clinicadentalnm.com\/ca\/cas-11-tractament-dagenesies-de-laterals-amb-carilles-feldespatiques\/"},"author":{"name":"plantillamaster","@id":"https:\/\/www.clinicadentalnm.com\/ca\/#\/schema\/person\/b2c07ce9385cd2f98020f07b1c6fea0f"},"headline":"Cas 11 &#8211; Tractament d&#8217;agen\u00e8sies de laterals amb carilles feldesp\u00e0tiques","datePublished":"2022-09-07T10:22:57+00:00","dateModified":"2023-01-25T22:16:51+00:00","mainEntityOfPage":{"@id":"https:\/\/www.clinicadentalnm.com\/ca\/cas-11-tractament-dagenesies-de-laterals-amb-carilles-feldespatiques\/"},"wordCount":166,"commentCount":0,"image":{"@id":"https:\/\/www.clinicadentalnm.com\/ca\/cas-11-tractament-dagenesies-de-laterals-amb-carilles-feldespatiques\/#primaryimage"},"thumbnailUrl":"https:\/\/www.clinicadentalnm.com\/wp-content\/uploads\/2022\/09\/Cas11Foto-2-1-e1666262076706.jpg","articleSection":["Carilles","Cas"],"inLanguage":"ca","potentialAction":[{"@type":"CommentAction","name":"Comment","target":["https:\/\/www.clinicadentalnm.com\/ca\/cas-11-tractament-dagenesies-de-laterals-amb-carilles-feldespatiques\/#respond"]}]},{"@type":"WebPage","@id":"https:\/\/www.clinicadentalnm.com\/ca\/cas-11-tractament-dagenesies-de-laterals-amb-carilles-feldespatiques\/","url":"https:\/\/www.clinicadentalnm.com\/ca\/cas-11-tractament-dagenesies-de-laterals-amb-carilles-feldespatiques\/","name":"Cas 11 - Tractament d'agen\u00e8sies de laterals amb carilles feldesp\u00e0tiques - Cl\u00ednica Dental NM","isPartOf":{"@id":"https:\/\/www.clinicadentalnm.com\/ca\/#website"},"primaryImageOfPage":{"@id":"https:\/\/www.clinicadentalnm.com\/ca\/cas-11-tractament-dagenesies-de-laterals-amb-carilles-feldespatiques\/#primaryimage"},"image":{"@id":"https:\/\/www.clinicadentalnm.com\/ca\/cas-11-tractament-dagenesies-de-laterals-amb-carilles-feldespatiques\/#primaryimage"},"thumbnailUrl":"https:\/\/www.clinicadentalnm.com\/wp-content\/uploads\/2022\/09\/Cas11Foto-2-1-e1666262076706.jpg","datePublished":"2022-09-07T10:22:57+00:00","dateModified":"2023-01-25T22:16:51+00:00","author":{"@id":"https:\/\/www.clinicadentalnm.com\/ca\/#\/schema\/person\/b2c07ce9385cd2f98020f07b1c6fea0f"},"description":"Tractament d\u2019agen\u00e8sies de laterals amb carilles feldesp\u00e0tiques","breadcrumb":{"@id":"https:\/\/www.clinicadentalnm.com\/ca\/cas-11-tractament-dagenesies-de-laterals-amb-carilles-feldespatiques\/#breadcrumb"},"inLanguage":"ca","potentialAction":[{"@type":"ReadAction","target":["https:\/\/www.clinicadentalnm.com\/ca\/cas-11-tractament-dagenesies-de-laterals-amb-carilles-feldespatiques\/"]}]},{"@type":"ImageObject","inLanguage":"ca","@id":"https:\/\/www.clinicadentalnm.com\/ca\/cas-11-tractament-dagenesies-de-laterals-amb-carilles-feldespatiques\/#primaryimage","url":"https:\/\/www.clinicadentalnm.com\/wp-content\/uploads\/2022\/09\/Cas11Foto-2-1-e1666262076706.jpg","contentUrl":"https:\/\/www.clinicadentalnm.com\/wp-content\/uploads\/2022\/09\/Cas11Foto-2-1-e1666262076706.jpg","width":1080,"height":745},{"@type":"BreadcrumbList","@id":"https:\/\/www.clinicadentalnm.com\/ca\/cas-11-tractament-dagenesies-de-laterals-amb-carilles-feldespatiques\/#breadcrumb","itemListElement":[{"@type":"ListItem","position":1,"name":"Portada","item":"https:\/\/www.clinicadentalnm.com\/ca\/"},{"@type":"ListItem","position":2,"name":"Cas 11 &#8211; Tractament d&#8217;agen\u00e8sies de laterals amb carilles feldesp\u00e0tiques"}]},{"@type":"WebSite","@id":"https:\/\/www.clinicadentalnm.com\/ca\/#website","url":"https:\/\/www.clinicadentalnm.com\/ca\/","name":"Cl\u00ednica Dental NM","description":"Cl\u00ednica dental a la Garriga","potentialAction":[{"@type":"SearchAction","target":{"@type":"EntryPoint","urlTemplate":"https:\/\/www.clinicadentalnm.com\/ca\/?s={search_term_string}"},"query-input":{"@type":"PropertyValueSpecification","valueRequired":true,"valueName":"search_term_string"}}],"inLanguage":"ca"},{"@type":"Person","@id":"https:\/\/www.clinicadentalnm.com\/ca\/#\/schema\/person\/b2c07ce9385cd2f98020f07b1c6fea0f","name":"plantillamaster","image":{"@type":"ImageObject","inLanguage":"ca","@id":"https:\/\/secure.gravatar.com\/avatar\/4a150a5a4bf21223237c208841c56f45048d21587e7393cd8dbf42436f4ab6f0?s=96&d=mm&r=g","url":"https:\/\/secure.gravatar.com\/avatar\/4a150a5a4bf21223237c208841c56f45048d21587e7393cd8dbf42436f4ab6f0?s=96&d=mm&r=g","contentUrl":"https:\/\/secure.gravatar.com\/avatar\/4a150a5a4bf21223237c208841c56f45048d21587e7393cd8dbf42436f4ab6f0?s=96&d=mm&r=g","caption":"plantillamaster"},"sameAs":["https:\/\/www.clinicadentalnm.com"],"url":"https:\/\/www.clinicadentalnm.com\/ca\/author\/plantillamaster\/"}]}},"_links":{"self":[{"href":"https:\/\/www.clinicadentalnm.com\/ca\/wp-json\/wp\/v2\/posts\/2038","targetHints":{"allow":["GET"]}}],"collection":[{"href":"https:\/\/www.clinicadentalnm.com\/ca\/wp-json\/wp\/v2\/posts"}],"about":[{"href":"https:\/\/www.clinicadentalnm.com\/ca\/wp-json\/wp\/v2\/types\/post"}],"author":[{"embeddable":true,"href":"https:\/\/www.clinicadentalnm.com\/ca\/wp-json\/wp\/v2\/users\/1"}],"replies":[{"embeddable":true,"href":"https:\/\/www.clinicadentalnm.com\/ca\/wp-json\/wp\/v2\/comments?post=2038"}],"version-history":[{"count":3,"href":"https:\/\/www.clinicadentalnm.com\/ca\/wp-json\/wp\/v2\/posts\/2038\/revisions"}],"predecessor-version":[{"id":4668,"href":"https:\/\/www.clinicadentalnm.com\/ca\/wp-json\/wp\/v2\/posts\/2038\/revisions\/4668"}],"wp:featuredmedia":[{"embeddable":true,"href":"https:\/\/www.clinicadentalnm.com\/ca\/wp-json\/wp\/v2\/media\/3022"}],"wp:attachment":[{"href":"https:\/\/www.clinicadentalnm.com\/ca\/wp-json\/wp\/v2\/media?parent=2038"}],"wp:term":[{"taxonomy":"category","embeddable":true,"href":"https:\/\/www.clinicadentalnm.com\/ca\/wp-json\/wp\/v2\/categories?post=2038"},{"taxonomy":"post_tag","embeddable":true,"href":"https:\/\/www.clinicadentalnm.com\/ca\/wp-json\/wp\/v2\/tags?post=2038"}],"curies":[{"name":"wp","href":"https:\/\/api.w.org\/{rel}","templated":true}]}}