{"id":2068,"date":"2022-09-07T10:33:48","date_gmt":"2022-09-07T10:33:48","guid":{"rendered":"https:\/\/www.clinicadentalnm.com\/?p=2068"},"modified":"2023-01-25T22:32:12","modified_gmt":"2023-01-25T22:32:12","slug":"cas-14-rehabilitacio-multidisciplinar","status":"publish","type":"post","link":"https:\/\/www.clinicadentalnm.com\/ca\/cas-14-rehabilitacio-multidisciplinar\/","title":{"rendered":"Cas 14: Rehabilitaci\u00f3 multidisciplinar"},"content":{"rendered":"\n<p class=\"wp-block-paragraph\">La pacient ens explica que el seu somriure li representa un problema d&#8217;autoestima, ja que no li agrada la seva forma i la falta de dents posteriors li dificulta la ingesta d\u2019aliments. A m\u00e9s a m\u00e9s, t\u00e9 la sensaci\u00f3 que totes les dents se li mouen i vol recuperar el plaer de riure i menjar sense complexes.<\/p>\n\n\n\n<p class=\"wp-block-paragraph\">El seu cas requereix un enfocament multidisciplinar, amb la qual cosa ens reunim diferents especialistes i planifiquem un organigrama de tot el proc\u00e9s. En tot moment s\u2019informa la pacient del procediment i el temps que necessitem per tal de retornar-li la funcionalitat i l&#8217;est\u00e8tica que desitja.<\/p>\n\n\n\n<p class=\"wp-block-paragraph\">El primer pas \u00e9s la fase higi\u00e8nica: realitzem un tractament periodontal per tal d&#8217;eliminar la inflamaci\u00f3, el sarro i estabilitzar les bact\u00e8ries de la seva boca. Paral\u00b7lelament, corregim les c\u00e0ries i les endod\u00f2ncies de les dents que ho requereixen.<\/p>\n\n\n\n<p class=\"wp-block-paragraph\">Un cop estabilitzada aquesta fase, procedim a realitzar un tractament amb ortod\u00f2ncia invisible per tal de millorar la posici\u00f3 de les dents i corregir la protusi\u00f3 que presenten.<\/p>\n\n\n\n<p class=\"wp-block-paragraph\">Finalitzada l&#8217;ortod\u00f2ncia, col\u00b7loquem els implants als espais ed\u00e8ntuls. El mateix dia de cirugia realitzem el tallat de les dents superiors on col.loquem els provisionals amb el nou disseny del somriure que hem preparat i acordat previament amb la pacient.<\/p>\n\n\n\n<p class=\"wp-block-paragraph\">Un cop finalitzat el temps d&#8217;integraci\u00f3 dels implants, col.loquem les corones definitives de zirconi, respectant en tot moment l&#8217;est\u00e8tica acordada en la fase dels provisionals.<\/p>\n","protected":false},"excerpt":{"rendered":"<p>La pacient ens explica que el seu somriure li representa un problema d&#8217;autoestima, ja que no li agrada la seva forma i la falta de dents posteriors li dificulta la ingesta d\u2019aliments. A m\u00e9s a m\u00e9s, t\u00e9 la sensaci\u00f3 que totes les dents se li mouen i vol recuperar el plaer de riure i menjar [&hellip;]<\/p>\n","protected":false},"author":1,"featured_media":3025,"comment_status":"open","ping_status":"open","sticky":false,"template":"","format":"standard","meta":{"_acf_changed":false,"footnotes":""},"categories":[22,27],"tags":[],"class_list":["post-2068","post","type-post","status-publish","format-standard","has-post-thumbnail","hentry","category-cas","category-rehabilitacio-oral"],"acf":[],"yoast_head":"<!-- This site is optimized with the Yoast SEO plugin v28.3 - https:\/\/yoast.com\/product\/yoast-seo-wordpress\/ -->\n<title>Cas 14: Rehabilitaci\u00f3 multidisciplinar - Cl\u00ednica Dental NM<\/title>\n<meta name=\"description\" content=\"Rehabilitaci\u00f3 multidisciplinar\" \/>\n<meta name=\"robots\" content=\"index, follow, max-snippet:-1, max-image-preview:large, max-video-preview:-1\" \/>\n<link rel=\"canonical\" href=\"https:\/\/www.clinicadentalnm.com\/ca\/cas-14-rehabilitacio-multidisciplinar\/\" \/>\n<meta property=\"og:locale\" content=\"ca_ES\" \/>\n<meta property=\"og:type\" content=\"article\" \/>\n<meta property=\"og:title\" content=\"Cas 14: Rehabilitaci\u00f3 multidisciplinar - Cl\u00ednica Dental NM\" \/>\n<meta property=\"og:description\" content=\"Rehabilitaci\u00f3 multidisciplinar\" \/>\n<meta property=\"og:url\" content=\"https:\/\/www.clinicadentalnm.com\/ca\/cas-14-rehabilitacio-multidisciplinar\/\" \/>\n<meta property=\"og:site_name\" content=\"Cl\u00ednica Dental NM\" \/>\n<meta property=\"article:published_time\" content=\"2022-09-07T10:33:48+00:00\" \/>\n<meta property=\"article:modified_time\" content=\"2023-01-25T22:32:12+00:00\" \/>\n<meta property=\"og:image\" content=\"https:\/\/www.clinicadentalnm.com\/wp-content\/uploads\/2022\/09\/1657033994192-scaled.jpg\" \/>\n\t<meta property=\"og:image:width\" content=\"1920\" \/>\n\t<meta property=\"og:image:height\" content=\"1280\" \/>\n\t<meta property=\"og:image:type\" content=\"image\/jpeg\" \/>\n<meta name=\"author\" content=\"plantillamaster\" \/>\n<meta name=\"twitter:card\" content=\"summary_large_image\" \/>\n<meta name=\"twitter:label1\" content=\"Escrit per\" \/>\n\t<meta name=\"twitter:data1\" content=\"plantillamaster\" \/>\n\t<meta name=\"twitter:label2\" content=\"Temps estimat de lectura\" \/>\n\t<meta name=\"twitter:data2\" content=\"2 minuts\" \/>\n<script type=\"application\/ld+json\" class=\"yoast-schema-graph\">{\"@context\":\"https:\\\/\\\/schema.org\",\"@graph\":[{\"@type\":\"Article\",\"@id\":\"https:\\\/\\\/www.clinicadentalnm.com\\\/ca\\\/cas-14-rehabilitacio-multidisciplinar\\\/#article\",\"isPartOf\":{\"@id\":\"https:\\\/\\\/www.clinicadentalnm.com\\\/ca\\\/cas-14-rehabilitacio-multidisciplinar\\\/\"},\"author\":{\"name\":\"plantillamaster\",\"@id\":\"https:\\\/\\\/www.clinicadentalnm.com\\\/ca\\\/#\\\/schema\\\/person\\\/b2c07ce9385cd2f98020f07b1c6fea0f\"},\"headline\":\"Cas 14: Rehabilitaci\u00f3 multidisciplinar\",\"datePublished\":\"2022-09-07T10:33:48+00:00\",\"dateModified\":\"2023-01-25T22:32:12+00:00\",\"mainEntityOfPage\":{\"@id\":\"https:\\\/\\\/www.clinicadentalnm.com\\\/ca\\\/cas-14-rehabilitacio-multidisciplinar\\\/\"},\"wordCount\":261,\"commentCount\":0,\"image\":{\"@id\":\"https:\\\/\\\/www.clinicadentalnm.com\\\/ca\\\/cas-14-rehabilitacio-multidisciplinar\\\/#primaryimage\"},\"thumbnailUrl\":\"https:\\\/\\\/www.clinicadentalnm.com\\\/wp-content\\\/uploads\\\/2022\\\/09\\\/1657033994192-scaled.jpg\",\"articleSection\":[\"Cas\",\"Rehabilitaci\u00f3 oral\"],\"inLanguage\":\"ca\",\"potentialAction\":[{\"@type\":\"CommentAction\",\"name\":\"Comment\",\"target\":[\"https:\\\/\\\/www.clinicadentalnm.com\\\/ca\\\/cas-14-rehabilitacio-multidisciplinar\\\/#respond\"]}]},{\"@type\":\"WebPage\",\"@id\":\"https:\\\/\\\/www.clinicadentalnm.com\\\/ca\\\/cas-14-rehabilitacio-multidisciplinar\\\/\",\"url\":\"https:\\\/\\\/www.clinicadentalnm.com\\\/ca\\\/cas-14-rehabilitacio-multidisciplinar\\\/\",\"name\":\"Cas 14: Rehabilitaci\u00f3 multidisciplinar - Cl\u00ednica Dental NM\",\"isPartOf\":{\"@id\":\"https:\\\/\\\/www.clinicadentalnm.com\\\/ca\\\/#website\"},\"primaryImageOfPage\":{\"@id\":\"https:\\\/\\\/www.clinicadentalnm.com\\\/ca\\\/cas-14-rehabilitacio-multidisciplinar\\\/#primaryimage\"},\"image\":{\"@id\":\"https:\\\/\\\/www.clinicadentalnm.com\\\/ca\\\/cas-14-rehabilitacio-multidisciplinar\\\/#primaryimage\"},\"thumbnailUrl\":\"https:\\\/\\\/www.clinicadentalnm.com\\\/wp-content\\\/uploads\\\/2022\\\/09\\\/1657033994192-scaled.jpg\",\"datePublished\":\"2022-09-07T10:33:48+00:00\",\"dateModified\":\"2023-01-25T22:32:12+00:00\",\"author\":{\"@id\":\"https:\\\/\\\/www.clinicadentalnm.com\\\/ca\\\/#\\\/schema\\\/person\\\/b2c07ce9385cd2f98020f07b1c6fea0f\"},\"description\":\"Rehabilitaci\u00f3 multidisciplinar\",\"breadcrumb\":{\"@id\":\"https:\\\/\\\/www.clinicadentalnm.com\\\/ca\\\/cas-14-rehabilitacio-multidisciplinar\\\/#breadcrumb\"},\"inLanguage\":\"ca\",\"potentialAction\":[{\"@type\":\"ReadAction\",\"target\":[\"https:\\\/\\\/www.clinicadentalnm.com\\\/ca\\\/cas-14-rehabilitacio-multidisciplinar\\\/\"]}]},{\"@type\":\"ImageObject\",\"inLanguage\":\"ca\",\"@id\":\"https:\\\/\\\/www.clinicadentalnm.com\\\/ca\\\/cas-14-rehabilitacio-multidisciplinar\\\/#primaryimage\",\"url\":\"https:\\\/\\\/www.clinicadentalnm.com\\\/wp-content\\\/uploads\\\/2022\\\/09\\\/1657033994192-scaled.jpg\",\"contentUrl\":\"https:\\\/\\\/www.clinicadentalnm.com\\\/wp-content\\\/uploads\\\/2022\\\/09\\\/1657033994192-scaled.jpg\",\"width\":1920,\"height\":1280},{\"@type\":\"BreadcrumbList\",\"@id\":\"https:\\\/\\\/www.clinicadentalnm.com\\\/ca\\\/cas-14-rehabilitacio-multidisciplinar\\\/#breadcrumb\",\"itemListElement\":[{\"@type\":\"ListItem\",\"position\":1,\"name\":\"Portada\",\"item\":\"https:\\\/\\\/www.clinicadentalnm.com\\\/ca\\\/\"},{\"@type\":\"ListItem\",\"position\":2,\"name\":\"Cas 14: Rehabilitaci\u00f3 multidisciplinar\"}]},{\"@type\":\"WebSite\",\"@id\":\"https:\\\/\\\/www.clinicadentalnm.com\\\/ca\\\/#website\",\"url\":\"https:\\\/\\\/www.clinicadentalnm.com\\\/ca\\\/\",\"name\":\"Cl\u00ednica Dental NM\",\"description\":\"Cl\u00ednica dental a la Garriga\",\"potentialAction\":[{\"@type\":\"SearchAction\",\"target\":{\"@type\":\"EntryPoint\",\"urlTemplate\":\"https:\\\/\\\/www.clinicadentalnm.com\\\/ca\\\/?s={search_term_string}\"},\"query-input\":{\"@type\":\"PropertyValueSpecification\",\"valueRequired\":true,\"valueName\":\"search_term_string\"}}],\"inLanguage\":\"ca\"},{\"@type\":\"Person\",\"@id\":\"https:\\\/\\\/www.clinicadentalnm.com\\\/ca\\\/#\\\/schema\\\/person\\\/b2c07ce9385cd2f98020f07b1c6fea0f\",\"name\":\"plantillamaster\",\"image\":{\"@type\":\"ImageObject\",\"inLanguage\":\"ca\",\"@id\":\"https:\\\/\\\/secure.gravatar.com\\\/avatar\\\/4a150a5a4bf21223237c208841c56f45048d21587e7393cd8dbf42436f4ab6f0?s=96&d=mm&r=g\",\"url\":\"https:\\\/\\\/secure.gravatar.com\\\/avatar\\\/4a150a5a4bf21223237c208841c56f45048d21587e7393cd8dbf42436f4ab6f0?s=96&d=mm&r=g\",\"contentUrl\":\"https:\\\/\\\/secure.gravatar.com\\\/avatar\\\/4a150a5a4bf21223237c208841c56f45048d21587e7393cd8dbf42436f4ab6f0?s=96&d=mm&r=g\",\"caption\":\"plantillamaster\"},\"sameAs\":[\"https:\\\/\\\/www.clinicadentalnm.com\"],\"url\":\"https:\\\/\\\/www.clinicadentalnm.com\\\/ca\\\/author\\\/plantillamaster\\\/\"}]}<\/script>\n<!-- \/ Yoast SEO plugin. -->","yoast_head_json":{"title":"Cas 14: Rehabilitaci\u00f3 multidisciplinar - Cl\u00ednica Dental NM","description":"Rehabilitaci\u00f3 multidisciplinar","robots":{"index":"index","follow":"follow","max-snippet":"max-snippet:-1","max-image-preview":"max-image-preview:large","max-video-preview":"max-video-preview:-1"},"canonical":"https:\/\/www.clinicadentalnm.com\/ca\/cas-14-rehabilitacio-multidisciplinar\/","og_locale":"ca_ES","og_type":"article","og_title":"Cas 14: Rehabilitaci\u00f3 multidisciplinar - Cl\u00ednica Dental NM","og_description":"Rehabilitaci\u00f3 multidisciplinar","og_url":"https:\/\/www.clinicadentalnm.com\/ca\/cas-14-rehabilitacio-multidisciplinar\/","og_site_name":"Cl\u00ednica Dental NM","article_published_time":"2022-09-07T10:33:48+00:00","article_modified_time":"2023-01-25T22:32:12+00:00","og_image":[{"width":1920,"height":1280,"url":"https:\/\/www.clinicadentalnm.com\/wp-content\/uploads\/2022\/09\/1657033994192-scaled.jpg","type":"image\/jpeg"}],"author":"plantillamaster","twitter_card":"summary_large_image","twitter_misc":{"Escrit per":"plantillamaster","Temps estimat de lectura":"2 minuts"},"schema":{"@context":"https:\/\/schema.org","@graph":[{"@type":"Article","@id":"https:\/\/www.clinicadentalnm.com\/ca\/cas-14-rehabilitacio-multidisciplinar\/#article","isPartOf":{"@id":"https:\/\/www.clinicadentalnm.com\/ca\/cas-14-rehabilitacio-multidisciplinar\/"},"author":{"name":"plantillamaster","@id":"https:\/\/www.clinicadentalnm.com\/ca\/#\/schema\/person\/b2c07ce9385cd2f98020f07b1c6fea0f"},"headline":"Cas 14: Rehabilitaci\u00f3 multidisciplinar","datePublished":"2022-09-07T10:33:48+00:00","dateModified":"2023-01-25T22:32:12+00:00","mainEntityOfPage":{"@id":"https:\/\/www.clinicadentalnm.com\/ca\/cas-14-rehabilitacio-multidisciplinar\/"},"wordCount":261,"commentCount":0,"image":{"@id":"https:\/\/www.clinicadentalnm.com\/ca\/cas-14-rehabilitacio-multidisciplinar\/#primaryimage"},"thumbnailUrl":"https:\/\/www.clinicadentalnm.com\/wp-content\/uploads\/2022\/09\/1657033994192-scaled.jpg","articleSection":["Cas","Rehabilitaci\u00f3 oral"],"inLanguage":"ca","potentialAction":[{"@type":"CommentAction","name":"Comment","target":["https:\/\/www.clinicadentalnm.com\/ca\/cas-14-rehabilitacio-multidisciplinar\/#respond"]}]},{"@type":"WebPage","@id":"https:\/\/www.clinicadentalnm.com\/ca\/cas-14-rehabilitacio-multidisciplinar\/","url":"https:\/\/www.clinicadentalnm.com\/ca\/cas-14-rehabilitacio-multidisciplinar\/","name":"Cas 14: Rehabilitaci\u00f3 multidisciplinar - Cl\u00ednica Dental NM","isPartOf":{"@id":"https:\/\/www.clinicadentalnm.com\/ca\/#website"},"primaryImageOfPage":{"@id":"https:\/\/www.clinicadentalnm.com\/ca\/cas-14-rehabilitacio-multidisciplinar\/#primaryimage"},"image":{"@id":"https:\/\/www.clinicadentalnm.com\/ca\/cas-14-rehabilitacio-multidisciplinar\/#primaryimage"},"thumbnailUrl":"https:\/\/www.clinicadentalnm.com\/wp-content\/uploads\/2022\/09\/1657033994192-scaled.jpg","datePublished":"2022-09-07T10:33:48+00:00","dateModified":"2023-01-25T22:32:12+00:00","author":{"@id":"https:\/\/www.clinicadentalnm.com\/ca\/#\/schema\/person\/b2c07ce9385cd2f98020f07b1c6fea0f"},"description":"Rehabilitaci\u00f3 multidisciplinar","breadcrumb":{"@id":"https:\/\/www.clinicadentalnm.com\/ca\/cas-14-rehabilitacio-multidisciplinar\/#breadcrumb"},"inLanguage":"ca","potentialAction":[{"@type":"ReadAction","target":["https:\/\/www.clinicadentalnm.com\/ca\/cas-14-rehabilitacio-multidisciplinar\/"]}]},{"@type":"ImageObject","inLanguage":"ca","@id":"https:\/\/www.clinicadentalnm.com\/ca\/cas-14-rehabilitacio-multidisciplinar\/#primaryimage","url":"https:\/\/www.clinicadentalnm.com\/wp-content\/uploads\/2022\/09\/1657033994192-scaled.jpg","contentUrl":"https:\/\/www.clinicadentalnm.com\/wp-content\/uploads\/2022\/09\/1657033994192-scaled.jpg","width":1920,"height":1280},{"@type":"BreadcrumbList","@id":"https:\/\/www.clinicadentalnm.com\/ca\/cas-14-rehabilitacio-multidisciplinar\/#breadcrumb","itemListElement":[{"@type":"ListItem","position":1,"name":"Portada","item":"https:\/\/www.clinicadentalnm.com\/ca\/"},{"@type":"ListItem","position":2,"name":"Cas 14: Rehabilitaci\u00f3 multidisciplinar"}]},{"@type":"WebSite","@id":"https:\/\/www.clinicadentalnm.com\/ca\/#website","url":"https:\/\/www.clinicadentalnm.com\/ca\/","name":"Cl\u00ednica Dental NM","description":"Cl\u00ednica dental a la Garriga","potentialAction":[{"@type":"SearchAction","target":{"@type":"EntryPoint","urlTemplate":"https:\/\/www.clinicadentalnm.com\/ca\/?s={search_term_string}"},"query-input":{"@type":"PropertyValueSpecification","valueRequired":true,"valueName":"search_term_string"}}],"inLanguage":"ca"},{"@type":"Person","@id":"https:\/\/www.clinicadentalnm.com\/ca\/#\/schema\/person\/b2c07ce9385cd2f98020f07b1c6fea0f","name":"plantillamaster","image":{"@type":"ImageObject","inLanguage":"ca","@id":"https:\/\/secure.gravatar.com\/avatar\/4a150a5a4bf21223237c208841c56f45048d21587e7393cd8dbf42436f4ab6f0?s=96&d=mm&r=g","url":"https:\/\/secure.gravatar.com\/avatar\/4a150a5a4bf21223237c208841c56f45048d21587e7393cd8dbf42436f4ab6f0?s=96&d=mm&r=g","contentUrl":"https:\/\/secure.gravatar.com\/avatar\/4a150a5a4bf21223237c208841c56f45048d21587e7393cd8dbf42436f4ab6f0?s=96&d=mm&r=g","caption":"plantillamaster"},"sameAs":["https:\/\/www.clinicadentalnm.com"],"url":"https:\/\/www.clinicadentalnm.com\/ca\/author\/plantillamaster\/"}]}},"_links":{"self":[{"href":"https:\/\/www.clinicadentalnm.com\/ca\/wp-json\/wp\/v2\/posts\/2068","targetHints":{"allow":["GET"]}}],"collection":[{"href":"https:\/\/www.clinicadentalnm.com\/ca\/wp-json\/wp\/v2\/posts"}],"about":[{"href":"https:\/\/www.clinicadentalnm.com\/ca\/wp-json\/wp\/v2\/types\/post"}],"author":[{"embeddable":true,"href":"https:\/\/www.clinicadentalnm.com\/ca\/wp-json\/wp\/v2\/users\/1"}],"replies":[{"embeddable":true,"href":"https:\/\/www.clinicadentalnm.com\/ca\/wp-json\/wp\/v2\/comments?post=2068"}],"version-history":[{"count":1,"href":"https:\/\/www.clinicadentalnm.com\/ca\/wp-json\/wp\/v2\/posts\/2068\/revisions"}],"predecessor-version":[{"id":4700,"href":"https:\/\/www.clinicadentalnm.com\/ca\/wp-json\/wp\/v2\/posts\/2068\/revisions\/4700"}],"wp:featuredmedia":[{"embeddable":true,"href":"https:\/\/www.clinicadentalnm.com\/ca\/wp-json\/wp\/v2\/media\/3025"}],"wp:attachment":[{"href":"https:\/\/www.clinicadentalnm.com\/ca\/wp-json\/wp\/v2\/media?parent=2068"}],"wp:term":[{"taxonomy":"category","embeddable":true,"href":"https:\/\/www.clinicadentalnm.com\/ca\/wp-json\/wp\/v2\/categories?post=2068"},{"taxonomy":"post_tag","embeddable":true,"href":"https:\/\/www.clinicadentalnm.com\/ca\/wp-json\/wp\/v2\/tags?post=2068"}],"curies":[{"name":"wp","href":"https:\/\/api.w.org\/{rel}","templated":true}]}}