{"id":2086,"date":"2022-09-07T10:44:25","date_gmt":"2022-09-07T10:44:25","guid":{"rendered":"https:\/\/www.clinicadentalnm.com\/?p=2086"},"modified":"2023-01-25T23:00:56","modified_gmt":"2023-01-25T23:00:56","slug":"cas-16-rehabilitacio-amb-corones-anteriors-i-incrustacions-posteriors","status":"publish","type":"post","link":"https:\/\/www.clinicadentalnm.com\/ca\/cas-16-rehabilitacio-amb-corones-anteriors-i-incrustacions-posteriors\/","title":{"rendered":"Cas 16: Rehabilitaci\u00f3 amb corones anteriors i incrustacions posteriors"},"content":{"rendered":"\n<p class=\"wp-block-paragraph\">El pacient ens explica que cada vegada t\u00e9 les dents del davant m\u00e9s petites i ja no pot menjar degut a la sensibilitat que sent.<\/p>\n\n\n\n<p class=\"wp-block-paragraph\">A cl\u00ednica dental NM realitzem una an\u00e0lisi exhaustiva de la mossegada i els desgasts que presenta el pacient i decidim rehabilitar el cas amb corones a les dents anteriors i inscrustacions a les posteriors. L\u2019objectiu \u00e9s recuperar una mossegada estable, la mida original de les dents que s&#8217;havia perdut a causa de l&#8217;apretament i l&#8217;est\u00e8tica del somriure.<\/p>\n","protected":false},"excerpt":{"rendered":"<p>El pacient ens explica que cada vegada t\u00e9 les dents del davant m\u00e9s petites i ja no pot menjar degut a la sensibilitat que sent. A cl\u00ednica dental NM realitzem una an\u00e0lisi exhaustiva de la mossegada i els desgasts que presenta el pacient i decidim rehabilitar el cas amb corones a les dents anteriors i [&hellip;]<\/p>\n","protected":false},"author":1,"featured_media":3027,"comment_status":"open","ping_status":"open","sticky":false,"template":"","format":"standard","meta":{"_acf_changed":false,"footnotes":""},"categories":[22,25],"tags":[],"class_list":["post-2086","post","type-post","status-publish","format-standard","has-post-thumbnail","hentry","category-cas","category-odontologia"],"acf":[],"yoast_head":"<!-- This site is optimized with the Yoast SEO plugin v28.3 - https:\/\/yoast.com\/product\/yoast-seo-wordpress\/ -->\n<title>Cas 16: Rehabilitaci\u00f3 amb corones anteriors i incrustacions posteriors - Cl\u00ednica Dental NM<\/title>\n<meta name=\"description\" content=\"Rehabilitaci\u00f3 amb corones anteriors i incrustacions posteriors\" \/>\n<meta name=\"robots\" content=\"index, follow, max-snippet:-1, max-image-preview:large, max-video-preview:-1\" \/>\n<link rel=\"canonical\" href=\"https:\/\/www.clinicadentalnm.com\/ca\/cas-16-rehabilitacio-amb-corones-anteriors-i-incrustacions-posteriors\/\" \/>\n<meta property=\"og:locale\" content=\"ca_ES\" \/>\n<meta property=\"og:type\" content=\"article\" \/>\n<meta property=\"og:title\" content=\"Cas 16: Rehabilitaci\u00f3 amb corones anteriors i incrustacions posteriors - Cl\u00ednica Dental NM\" \/>\n<meta property=\"og:description\" content=\"Rehabilitaci\u00f3 amb corones anteriors i incrustacions posteriors\" \/>\n<meta property=\"og:url\" content=\"https:\/\/www.clinicadentalnm.com\/ca\/cas-16-rehabilitacio-amb-corones-anteriors-i-incrustacions-posteriors\/\" \/>\n<meta property=\"og:site_name\" content=\"Cl\u00ednica Dental NM\" \/>\n<meta property=\"article:published_time\" content=\"2022-09-07T10:44:25+00:00\" \/>\n<meta property=\"article:modified_time\" content=\"2023-01-25T23:00:56+00:00\" \/>\n<meta property=\"og:image\" content=\"https:\/\/www.clinicadentalnm.com\/wp-content\/uploads\/2022\/09\/Cas16Foto-2-1-e1666262451171.jpg\" \/>\n\t<meta property=\"og:image:width\" content=\"1080\" \/>\n\t<meta property=\"og:image:height\" content=\"540\" \/>\n\t<meta property=\"og:image:type\" content=\"image\/jpeg\" \/>\n<meta name=\"author\" content=\"plantillamaster\" \/>\n<meta name=\"twitter:card\" content=\"summary_large_image\" \/>\n<meta name=\"twitter:label1\" content=\"Escrit per\" \/>\n\t<meta name=\"twitter:data1\" content=\"plantillamaster\" \/>\n\t<meta name=\"twitter:label2\" content=\"Temps estimat de lectura\" \/>\n\t<meta name=\"twitter:data2\" content=\"1 minut\" \/>\n<script type=\"application\/ld+json\" class=\"yoast-schema-graph\">{\"@context\":\"https:\\\/\\\/schema.org\",\"@graph\":[{\"@type\":\"Article\",\"@id\":\"https:\\\/\\\/www.clinicadentalnm.com\\\/ca\\\/cas-16-rehabilitacio-amb-corones-anteriors-i-incrustacions-posteriors\\\/#article\",\"isPartOf\":{\"@id\":\"https:\\\/\\\/www.clinicadentalnm.com\\\/ca\\\/cas-16-rehabilitacio-amb-corones-anteriors-i-incrustacions-posteriors\\\/\"},\"author\":{\"name\":\"plantillamaster\",\"@id\":\"https:\\\/\\\/www.clinicadentalnm.com\\\/ca\\\/#\\\/schema\\\/person\\\/b2c07ce9385cd2f98020f07b1c6fea0f\"},\"headline\":\"Cas 16: Rehabilitaci\u00f3 amb corones anteriors i incrustacions posteriors\",\"datePublished\":\"2022-09-07T10:44:25+00:00\",\"dateModified\":\"2023-01-25T23:00:56+00:00\",\"mainEntityOfPage\":{\"@id\":\"https:\\\/\\\/www.clinicadentalnm.com\\\/ca\\\/cas-16-rehabilitacio-amb-corones-anteriors-i-incrustacions-posteriors\\\/\"},\"wordCount\":98,\"commentCount\":0,\"image\":{\"@id\":\"https:\\\/\\\/www.clinicadentalnm.com\\\/ca\\\/cas-16-rehabilitacio-amb-corones-anteriors-i-incrustacions-posteriors\\\/#primaryimage\"},\"thumbnailUrl\":\"https:\\\/\\\/www.clinicadentalnm.com\\\/wp-content\\\/uploads\\\/2022\\\/09\\\/Cas16Foto-2-1-e1666262451171.jpg\",\"articleSection\":[\"Cas\",\"Odontologia\"],\"inLanguage\":\"ca\",\"potentialAction\":[{\"@type\":\"CommentAction\",\"name\":\"Comment\",\"target\":[\"https:\\\/\\\/www.clinicadentalnm.com\\\/ca\\\/cas-16-rehabilitacio-amb-corones-anteriors-i-incrustacions-posteriors\\\/#respond\"]}]},{\"@type\":\"WebPage\",\"@id\":\"https:\\\/\\\/www.clinicadentalnm.com\\\/ca\\\/cas-16-rehabilitacio-amb-corones-anteriors-i-incrustacions-posteriors\\\/\",\"url\":\"https:\\\/\\\/www.clinicadentalnm.com\\\/ca\\\/cas-16-rehabilitacio-amb-corones-anteriors-i-incrustacions-posteriors\\\/\",\"name\":\"Cas 16: Rehabilitaci\u00f3 amb corones anteriors i incrustacions posteriors - Cl\u00ednica Dental NM\",\"isPartOf\":{\"@id\":\"https:\\\/\\\/www.clinicadentalnm.com\\\/ca\\\/#website\"},\"primaryImageOfPage\":{\"@id\":\"https:\\\/\\\/www.clinicadentalnm.com\\\/ca\\\/cas-16-rehabilitacio-amb-corones-anteriors-i-incrustacions-posteriors\\\/#primaryimage\"},\"image\":{\"@id\":\"https:\\\/\\\/www.clinicadentalnm.com\\\/ca\\\/cas-16-rehabilitacio-amb-corones-anteriors-i-incrustacions-posteriors\\\/#primaryimage\"},\"thumbnailUrl\":\"https:\\\/\\\/www.clinicadentalnm.com\\\/wp-content\\\/uploads\\\/2022\\\/09\\\/Cas16Foto-2-1-e1666262451171.jpg\",\"datePublished\":\"2022-09-07T10:44:25+00:00\",\"dateModified\":\"2023-01-25T23:00:56+00:00\",\"author\":{\"@id\":\"https:\\\/\\\/www.clinicadentalnm.com\\\/ca\\\/#\\\/schema\\\/person\\\/b2c07ce9385cd2f98020f07b1c6fea0f\"},\"description\":\"Rehabilitaci\u00f3 amb corones anteriors i incrustacions posteriors\",\"breadcrumb\":{\"@id\":\"https:\\\/\\\/www.clinicadentalnm.com\\\/ca\\\/cas-16-rehabilitacio-amb-corones-anteriors-i-incrustacions-posteriors\\\/#breadcrumb\"},\"inLanguage\":\"ca\",\"potentialAction\":[{\"@type\":\"ReadAction\",\"target\":[\"https:\\\/\\\/www.clinicadentalnm.com\\\/ca\\\/cas-16-rehabilitacio-amb-corones-anteriors-i-incrustacions-posteriors\\\/\"]}]},{\"@type\":\"ImageObject\",\"inLanguage\":\"ca\",\"@id\":\"https:\\\/\\\/www.clinicadentalnm.com\\\/ca\\\/cas-16-rehabilitacio-amb-corones-anteriors-i-incrustacions-posteriors\\\/#primaryimage\",\"url\":\"https:\\\/\\\/www.clinicadentalnm.com\\\/wp-content\\\/uploads\\\/2022\\\/09\\\/Cas16Foto-2-1-e1666262451171.jpg\",\"contentUrl\":\"https:\\\/\\\/www.clinicadentalnm.com\\\/wp-content\\\/uploads\\\/2022\\\/09\\\/Cas16Foto-2-1-e1666262451171.jpg\",\"width\":1080,\"height\":540},{\"@type\":\"BreadcrumbList\",\"@id\":\"https:\\\/\\\/www.clinicadentalnm.com\\\/ca\\\/cas-16-rehabilitacio-amb-corones-anteriors-i-incrustacions-posteriors\\\/#breadcrumb\",\"itemListElement\":[{\"@type\":\"ListItem\",\"position\":1,\"name\":\"Portada\",\"item\":\"https:\\\/\\\/www.clinicadentalnm.com\\\/ca\\\/\"},{\"@type\":\"ListItem\",\"position\":2,\"name\":\"Cas 16: Rehabilitaci\u00f3 amb corones anteriors i incrustacions posteriors\"}]},{\"@type\":\"WebSite\",\"@id\":\"https:\\\/\\\/www.clinicadentalnm.com\\\/ca\\\/#website\",\"url\":\"https:\\\/\\\/www.clinicadentalnm.com\\\/ca\\\/\",\"name\":\"Cl\u00ednica Dental NM\",\"description\":\"Cl\u00ednica dental a la Garriga\",\"potentialAction\":[{\"@type\":\"SearchAction\",\"target\":{\"@type\":\"EntryPoint\",\"urlTemplate\":\"https:\\\/\\\/www.clinicadentalnm.com\\\/ca\\\/?s={search_term_string}\"},\"query-input\":{\"@type\":\"PropertyValueSpecification\",\"valueRequired\":true,\"valueName\":\"search_term_string\"}}],\"inLanguage\":\"ca\"},{\"@type\":\"Person\",\"@id\":\"https:\\\/\\\/www.clinicadentalnm.com\\\/ca\\\/#\\\/schema\\\/person\\\/b2c07ce9385cd2f98020f07b1c6fea0f\",\"name\":\"plantillamaster\",\"image\":{\"@type\":\"ImageObject\",\"inLanguage\":\"ca\",\"@id\":\"https:\\\/\\\/secure.gravatar.com\\\/avatar\\\/4a150a5a4bf21223237c208841c56f45048d21587e7393cd8dbf42436f4ab6f0?s=96&d=mm&r=g\",\"url\":\"https:\\\/\\\/secure.gravatar.com\\\/avatar\\\/4a150a5a4bf21223237c208841c56f45048d21587e7393cd8dbf42436f4ab6f0?s=96&d=mm&r=g\",\"contentUrl\":\"https:\\\/\\\/secure.gravatar.com\\\/avatar\\\/4a150a5a4bf21223237c208841c56f45048d21587e7393cd8dbf42436f4ab6f0?s=96&d=mm&r=g\",\"caption\":\"plantillamaster\"},\"sameAs\":[\"https:\\\/\\\/www.clinicadentalnm.com\"],\"url\":\"https:\\\/\\\/www.clinicadentalnm.com\\\/ca\\\/author\\\/plantillamaster\\\/\"}]}<\/script>\n<!-- \/ Yoast SEO plugin. -->","yoast_head_json":{"title":"Cas 16: Rehabilitaci\u00f3 amb corones anteriors i incrustacions posteriors - Cl\u00ednica Dental NM","description":"Rehabilitaci\u00f3 amb corones anteriors i incrustacions posteriors","robots":{"index":"index","follow":"follow","max-snippet":"max-snippet:-1","max-image-preview":"max-image-preview:large","max-video-preview":"max-video-preview:-1"},"canonical":"https:\/\/www.clinicadentalnm.com\/ca\/cas-16-rehabilitacio-amb-corones-anteriors-i-incrustacions-posteriors\/","og_locale":"ca_ES","og_type":"article","og_title":"Cas 16: Rehabilitaci\u00f3 amb corones anteriors i incrustacions posteriors - Cl\u00ednica Dental NM","og_description":"Rehabilitaci\u00f3 amb corones anteriors i incrustacions posteriors","og_url":"https:\/\/www.clinicadentalnm.com\/ca\/cas-16-rehabilitacio-amb-corones-anteriors-i-incrustacions-posteriors\/","og_site_name":"Cl\u00ednica Dental NM","article_published_time":"2022-09-07T10:44:25+00:00","article_modified_time":"2023-01-25T23:00:56+00:00","og_image":[{"width":1080,"height":540,"url":"https:\/\/www.clinicadentalnm.com\/wp-content\/uploads\/2022\/09\/Cas16Foto-2-1-e1666262451171.jpg","type":"image\/jpeg"}],"author":"plantillamaster","twitter_card":"summary_large_image","twitter_misc":{"Escrit per":"plantillamaster","Temps estimat de lectura":"1 minut"},"schema":{"@context":"https:\/\/schema.org","@graph":[{"@type":"Article","@id":"https:\/\/www.clinicadentalnm.com\/ca\/cas-16-rehabilitacio-amb-corones-anteriors-i-incrustacions-posteriors\/#article","isPartOf":{"@id":"https:\/\/www.clinicadentalnm.com\/ca\/cas-16-rehabilitacio-amb-corones-anteriors-i-incrustacions-posteriors\/"},"author":{"name":"plantillamaster","@id":"https:\/\/www.clinicadentalnm.com\/ca\/#\/schema\/person\/b2c07ce9385cd2f98020f07b1c6fea0f"},"headline":"Cas 16: Rehabilitaci\u00f3 amb corones anteriors i incrustacions posteriors","datePublished":"2022-09-07T10:44:25+00:00","dateModified":"2023-01-25T23:00:56+00:00","mainEntityOfPage":{"@id":"https:\/\/www.clinicadentalnm.com\/ca\/cas-16-rehabilitacio-amb-corones-anteriors-i-incrustacions-posteriors\/"},"wordCount":98,"commentCount":0,"image":{"@id":"https:\/\/www.clinicadentalnm.com\/ca\/cas-16-rehabilitacio-amb-corones-anteriors-i-incrustacions-posteriors\/#primaryimage"},"thumbnailUrl":"https:\/\/www.clinicadentalnm.com\/wp-content\/uploads\/2022\/09\/Cas16Foto-2-1-e1666262451171.jpg","articleSection":["Cas","Odontologia"],"inLanguage":"ca","potentialAction":[{"@type":"CommentAction","name":"Comment","target":["https:\/\/www.clinicadentalnm.com\/ca\/cas-16-rehabilitacio-amb-corones-anteriors-i-incrustacions-posteriors\/#respond"]}]},{"@type":"WebPage","@id":"https:\/\/www.clinicadentalnm.com\/ca\/cas-16-rehabilitacio-amb-corones-anteriors-i-incrustacions-posteriors\/","url":"https:\/\/www.clinicadentalnm.com\/ca\/cas-16-rehabilitacio-amb-corones-anteriors-i-incrustacions-posteriors\/","name":"Cas 16: Rehabilitaci\u00f3 amb corones anteriors i incrustacions posteriors - Cl\u00ednica Dental NM","isPartOf":{"@id":"https:\/\/www.clinicadentalnm.com\/ca\/#website"},"primaryImageOfPage":{"@id":"https:\/\/www.clinicadentalnm.com\/ca\/cas-16-rehabilitacio-amb-corones-anteriors-i-incrustacions-posteriors\/#primaryimage"},"image":{"@id":"https:\/\/www.clinicadentalnm.com\/ca\/cas-16-rehabilitacio-amb-corones-anteriors-i-incrustacions-posteriors\/#primaryimage"},"thumbnailUrl":"https:\/\/www.clinicadentalnm.com\/wp-content\/uploads\/2022\/09\/Cas16Foto-2-1-e1666262451171.jpg","datePublished":"2022-09-07T10:44:25+00:00","dateModified":"2023-01-25T23:00:56+00:00","author":{"@id":"https:\/\/www.clinicadentalnm.com\/ca\/#\/schema\/person\/b2c07ce9385cd2f98020f07b1c6fea0f"},"description":"Rehabilitaci\u00f3 amb corones anteriors i incrustacions posteriors","breadcrumb":{"@id":"https:\/\/www.clinicadentalnm.com\/ca\/cas-16-rehabilitacio-amb-corones-anteriors-i-incrustacions-posteriors\/#breadcrumb"},"inLanguage":"ca","potentialAction":[{"@type":"ReadAction","target":["https:\/\/www.clinicadentalnm.com\/ca\/cas-16-rehabilitacio-amb-corones-anteriors-i-incrustacions-posteriors\/"]}]},{"@type":"ImageObject","inLanguage":"ca","@id":"https:\/\/www.clinicadentalnm.com\/ca\/cas-16-rehabilitacio-amb-corones-anteriors-i-incrustacions-posteriors\/#primaryimage","url":"https:\/\/www.clinicadentalnm.com\/wp-content\/uploads\/2022\/09\/Cas16Foto-2-1-e1666262451171.jpg","contentUrl":"https:\/\/www.clinicadentalnm.com\/wp-content\/uploads\/2022\/09\/Cas16Foto-2-1-e1666262451171.jpg","width":1080,"height":540},{"@type":"BreadcrumbList","@id":"https:\/\/www.clinicadentalnm.com\/ca\/cas-16-rehabilitacio-amb-corones-anteriors-i-incrustacions-posteriors\/#breadcrumb","itemListElement":[{"@type":"ListItem","position":1,"name":"Portada","item":"https:\/\/www.clinicadentalnm.com\/ca\/"},{"@type":"ListItem","position":2,"name":"Cas 16: Rehabilitaci\u00f3 amb corones anteriors i incrustacions posteriors"}]},{"@type":"WebSite","@id":"https:\/\/www.clinicadentalnm.com\/ca\/#website","url":"https:\/\/www.clinicadentalnm.com\/ca\/","name":"Cl\u00ednica Dental NM","description":"Cl\u00ednica dental a la Garriga","potentialAction":[{"@type":"SearchAction","target":{"@type":"EntryPoint","urlTemplate":"https:\/\/www.clinicadentalnm.com\/ca\/?s={search_term_string}"},"query-input":{"@type":"PropertyValueSpecification","valueRequired":true,"valueName":"search_term_string"}}],"inLanguage":"ca"},{"@type":"Person","@id":"https:\/\/www.clinicadentalnm.com\/ca\/#\/schema\/person\/b2c07ce9385cd2f98020f07b1c6fea0f","name":"plantillamaster","image":{"@type":"ImageObject","inLanguage":"ca","@id":"https:\/\/secure.gravatar.com\/avatar\/4a150a5a4bf21223237c208841c56f45048d21587e7393cd8dbf42436f4ab6f0?s=96&d=mm&r=g","url":"https:\/\/secure.gravatar.com\/avatar\/4a150a5a4bf21223237c208841c56f45048d21587e7393cd8dbf42436f4ab6f0?s=96&d=mm&r=g","contentUrl":"https:\/\/secure.gravatar.com\/avatar\/4a150a5a4bf21223237c208841c56f45048d21587e7393cd8dbf42436f4ab6f0?s=96&d=mm&r=g","caption":"plantillamaster"},"sameAs":["https:\/\/www.clinicadentalnm.com"],"url":"https:\/\/www.clinicadentalnm.com\/ca\/author\/plantillamaster\/"}]}},"_links":{"self":[{"href":"https:\/\/www.clinicadentalnm.com\/ca\/wp-json\/wp\/v2\/posts\/2086","targetHints":{"allow":["GET"]}}],"collection":[{"href":"https:\/\/www.clinicadentalnm.com\/ca\/wp-json\/wp\/v2\/posts"}],"about":[{"href":"https:\/\/www.clinicadentalnm.com\/ca\/wp-json\/wp\/v2\/types\/post"}],"author":[{"embeddable":true,"href":"https:\/\/www.clinicadentalnm.com\/ca\/wp-json\/wp\/v2\/users\/1"}],"replies":[{"embeddable":true,"href":"https:\/\/www.clinicadentalnm.com\/ca\/wp-json\/wp\/v2\/comments?post=2086"}],"version-history":[{"count":1,"href":"https:\/\/www.clinicadentalnm.com\/ca\/wp-json\/wp\/v2\/posts\/2086\/revisions"}],"predecessor-version":[{"id":4726,"href":"https:\/\/www.clinicadentalnm.com\/ca\/wp-json\/wp\/v2\/posts\/2086\/revisions\/4726"}],"wp:featuredmedia":[{"embeddable":true,"href":"https:\/\/www.clinicadentalnm.com\/ca\/wp-json\/wp\/v2\/media\/3027"}],"wp:attachment":[{"href":"https:\/\/www.clinicadentalnm.com\/ca\/wp-json\/wp\/v2\/media?parent=2086"}],"wp:term":[{"taxonomy":"category","embeddable":true,"href":"https:\/\/www.clinicadentalnm.com\/ca\/wp-json\/wp\/v2\/categories?post=2086"},{"taxonomy":"post_tag","embeddable":true,"href":"https:\/\/www.clinicadentalnm.com\/ca\/wp-json\/wp\/v2\/tags?post=2086"}],"curies":[{"name":"wp","href":"https:\/\/api.w.org\/{rel}","templated":true}]}}